{"id":97706,"date":"2026-01-26T13:11:43","date_gmt":"2026-01-26T18:11:43","guid":{"rendered":"https:\/\/aeronoticias.com.pe\/noticiero\/?p=97706"},"modified":"2026-01-26T13:13:18","modified_gmt":"2026-01-26T18:13:18","slug":"reduccion-de-emisiones-el-eje-que-redefine-la-estrategia-de-la-aviacion-moderna","status":"publish","type":"post","link":"https:\/\/aeronoticias.com.pe\/noticiero\/turismo\/13\/reduccion-de-emisiones-el-eje-que-redefine-la-estrategia-de-la-aviacion-moderna\/","title":{"rendered":"Reducci\u00f3n de emisiones, el eje que redefine la estrategia de la aviaci\u00f3n moderna"},"content":{"rendered":"\n<h2 class=\"wp-block-heading\"><\/h2>\n\n\n\n<p><strong>(Aeronoticias):<\/strong> La reducci\u00f3n de emisiones se ha convertido en uno de los objetivos centrales de la aviaci\u00f3n global. En un contexto de crecimiento sostenido del tr\u00e1fico a\u00e9reo y mayor conciencia ambiental, el sector enfrenta el desaf\u00edo de seguir conectando al mundo mientras disminuye de forma real y medible su impacto clim\u00e1tico. Ya no se trata de una meta a largo plazo, sino de una transformaci\u00f3n estructural en curso.<\/p>\n\n\n\n<p>La aviaci\u00f3n representa una fracci\u00f3n espec\u00edfica de las emisiones globales, pero su visibilidad y car\u00e1cter internacional la colocan bajo una presi\u00f3n constante para acelerar cambios. La respuesta del sector combina tecnolog\u00eda, eficiencia operativa, nuevas energ\u00edas y cooperaci\u00f3n global.<\/p>\n\n\n\n<h3 class=\"wp-block-heading\">Emisiones y responsabilidad del sistema a\u00e9reo<\/h3>\n\n\n\n<p>La reducci\u00f3n de emisiones no recae \u00fanicamente en las aerol\u00edneas. Fabricantes, aeropuertos, proveedores de combustible, gestores de tr\u00e1fico a\u00e9reo y autoridades regulatorias forman parte de un mismo ecosistema.<\/p>\n\n\n\n<p>Cada eslab\u00f3n del sistema influye en la huella ambiental final de un vuelo, desde el dise\u00f1o del avi\u00f3n hasta la gesti\u00f3n en tierra.<\/p>\n\n\n\n<h3 class=\"wp-block-heading\">Eficiencia operativa como primer paso<\/h3>\n\n\n\n<p>Una de las formas m\u00e1s inmediatas de reducir emisiones es mejorar la eficiencia operativa. Optimizaci\u00f3n de rutas, reducci\u00f3n de tiempos de espera, procedimientos de ascenso y descenso m\u00e1s eficientes y mejor gesti\u00f3n del tr\u00e1fico a\u00e9reo permiten disminuir consumo de combustible sin grandes inversiones estructurales.<\/p>\n\n\n\n<p>Peque\u00f1os ajustes operativos generan impactos significativos cuando se aplican a escala global.<\/p>\n\n\n\n<h3 class=\"wp-block-heading\">Renovaci\u00f3n de flotas y tecnolog\u00eda<\/h3>\n\n\n\n<p>La incorporaci\u00f3n de aviones m\u00e1s modernos es una de las estrategias m\u00e1s efectivas para reducir emisiones por pasajero transportado. Nuevos motores, materiales m\u00e1s livianos y aerodin\u00e1mica avanzada permiten consumir menos combustible y emitir menos CO\u2082 por vuelo.<\/p>\n\n\n\n<p>La renovaci\u00f3n de flota se convierte as\u00ed en una decisi\u00f3n ambiental adem\u00e1s de econ\u00f3mica.<\/p>\n\n\n\n<h3 class=\"wp-block-heading\">Combustibles sostenibles y transici\u00f3n energ\u00e9tica<\/h3>\n\n\n\n<p>El uso de combustibles sostenibles de aviaci\u00f3n representa una de las principales herramientas para reducir emisiones sin modificar radicalmente la infraestructura actual. Aunque su adopci\u00f3n a\u00fan es limitada, su potencial de reducci\u00f3n en el ciclo de vida del carbono es significativo.<\/p>\n\n\n\n<p>La transici\u00f3n energ\u00e9tica del sector depende de la expansi\u00f3n y accesibilidad de estas alternativas.<\/p>\n\n\n\n<h3 class=\"wp-block-heading\">Aeropuertos y emisiones en tierra<\/h3>\n\n\n\n<p>La reducci\u00f3n de emisiones tambi\u00e9n se aborda en tierra. Aeropuertos implementan electrificaci\u00f3n de equipos, uso de energ\u00edas renovables, gesti\u00f3n eficiente de edificios y reducci\u00f3n de emisiones durante el rodaje de aeronaves.<\/p>\n\n\n\n<p>La operaci\u00f3n en tierra es una parte relevante del impacto total del transporte a\u00e9reo.<\/p>\n\n\n\n<h3 class=\"wp-block-heading\">Gesti\u00f3n del tr\u00e1fico a\u00e9reo y coordinaci\u00f3n internacional<\/h3>\n\n\n\n<p>Una mejor coordinaci\u00f3n entre espacios a\u00e9reos y sistemas de navegaci\u00f3n reduce desv\u00edos innecesarios y tiempos de vuelo. La modernizaci\u00f3n del control del tr\u00e1fico a\u00e9reo es una herramienta clave para disminuir emisiones de forma estructural.<\/p>\n\n\n\n<p>La eficiencia del cielo es tan importante como la eficiencia del avi\u00f3n.<\/p>\n\n\n\n<h3 class=\"wp-block-heading\">Regulaci\u00f3n y compromisos globales<\/h3>\n\n\n\n<p>La reducci\u00f3n de emisiones en aviaci\u00f3n depende de acuerdos internacionales y marcos regulatorios comunes. Objetivos compartidos, mecanismos de compensaci\u00f3n y est\u00e1ndares globales permiten avanzar de forma coordinada.<\/p>\n\n\n\n<p>Sin cooperaci\u00f3n internacional, los esfuerzos individuales pierden impacto.<\/p>\n\n\n\n<h3 class=\"wp-block-heading\">Impacto econ\u00f3mico y equilibrio competitivo<\/h3>\n\n\n\n<p>Reducir emisiones implica costos y decisiones estrat\u00e9gicas. El desaf\u00edo es hacerlo sin afectar la competitividad de aerol\u00edneas y destinos, especialmente en mercados emergentes.<\/p>\n\n\n\n<p>La transici\u00f3n debe ser gradual, equitativa y viable para todos los actores del sistema.<\/p>\n\n\n\n<h3 class=\"wp-block-heading\">Rol del pasajero y la demanda<\/h3>\n\n\n\n<p>El pasajero tambi\u00e9n influye en la reducci\u00f3n de emisiones. Elecciones de viaje, valoraci\u00f3n de pr\u00e1cticas sostenibles y demanda de mayor transparencia empujan a la industria a acelerar cambios.<\/p>\n\n\n\n<p>La presi\u00f3n del mercado complementa la regulaci\u00f3n.<\/p>\n\n\n\n<h3 class=\"wp-block-heading\">Medir para reducir<\/h3>\n\n\n\n<p>No se puede reducir lo que no se mide. La aviaci\u00f3n avanza hacia sistemas m\u00e1s precisos de medici\u00f3n, reporte y verificaci\u00f3n de emisiones, permitiendo tomar decisiones basadas en datos reales y comparables.<\/p>\n\n\n\n<p>La transparencia es clave para la credibilidad del proceso.<\/p>\n\n\n\n<h3 class=\"wp-block-heading\">Un cambio que define el futuro del vuelo<\/h3>\n\n\n\n<p>La reducci\u00f3n de emisiones ya no es una opci\u00f3n reputacional, sino una condici\u00f3n para la sostenibilidad del sector a\u00e9reo. De c\u00f3mo se gestione este desaf\u00edo depender\u00e1 la licencia social para seguir creciendo y conectando al mundo.<\/p>\n\n\n\n<p>La aviaci\u00f3n enfrenta una de las transformaciones m\u00e1s profundas de su historia. Reducir emisiones no significa volar menos, sino volar mejor: con m\u00e1s eficiencia, m\u00e1s responsabilidad y una visi\u00f3n clara de futuro.<\/p>\n\n\n\n<p><strong>Fuente: Sebastian Palacin<\/strong><\/p>\n\n\n\n<p><\/p>\n","protected":false},"excerpt":{"rendered":"<p>(Aeronoticias): La reducci\u00f3n de emisiones se ha convertido en uno de los objetivos centrales de la aviaci\u00f3n global. En un contexto de crecimiento sostenido del tr\u00e1fico a\u00e9reo y mayor conciencia ambiental, el sector enfrenta el desaf\u00edo de seguir conectando al mundo mientras disminuye de forma real y medible su impacto clim\u00e1tico. Ya no se trata [&hellip;]<\/p>\n","protected":false},"author":7,"featured_media":97707,"comment_status":"closed","ping_status":"closed","sticky":false,"template":"","format":"standard","meta":{"tdm_status":"","tdm_grid_status":"","footnotes":""},"categories":[11,31],"tags":[],"class_list":{"0":"post-97706","1":"post","2":"type-post","3":"status-publish","4":"format-standard","5":"has-post-thumbnail","7":"category-transporte-aereo","8":"category-31"},"yoast_head":"<!-- This site is optimized with the Yoast SEO plugin v25.1 - https:\/\/yoast.com\/wordpress\/plugins\/seo\/ -->\n<title>Reducci\u00f3n de emisiones, el eje que redefine la estrategia de la aviaci\u00f3n moderna<\/title>\n<meta name=\"description\" content=\"(Aeronoticias): La reducci\u00f3n de emisiones se ha convertido en uno de los objetivos centrales de la aviaci\u00f3n global. En un contexto de crecimiento sostenido del tr\u00e1fico a\u00e9reo y mayor conciencia ambiental, el sector enfrenta el desaf\u00edo de seguir conectando al mundo mientras disminuye de forma real y medible su impacto clim\u00e1tico. Ya no se trata de una meta a largo plazo, sino de una transformaci\u00f3n estructural en curso.\" \/>\n<meta name=\"robots\" content=\"index, follow, max-snippet:-1, max-image-preview:large, max-video-preview:-1\" \/>\n<link rel=\"canonical\" href=\"https:\/\/aeronoticias.com.pe\/noticiero\/turismo\/13\/reduccion-de-emisiones-el-eje-que-redefine-la-estrategia-de-la-aviacion-moderna\/\" \/>\n<meta property=\"og:locale\" content=\"es_ES\" \/>\n<meta property=\"og:type\" content=\"article\" \/>\n<meta property=\"og:title\" content=\"Reducci\u00f3n de emisiones, el eje que redefine la estrategia de la aviaci\u00f3n moderna\" \/>\n<meta property=\"og:description\" content=\"(Aeronoticias): La reducci\u00f3n de emisiones se ha convertido en uno de los objetivos centrales de la aviaci\u00f3n global. En un contexto de crecimiento sostenido del tr\u00e1fico a\u00e9reo y mayor conciencia ambiental, el sector enfrenta el desaf\u00edo de seguir conectando al mundo mientras disminuye de forma real y medible su impacto clim\u00e1tico. Ya no se trata de una meta a largo plazo, sino de una transformaci\u00f3n estructural en curso.\" \/>\n<meta property=\"og:url\" content=\"https:\/\/aeronoticias.com.pe\/noticiero\/turismo\/13\/reduccion-de-emisiones-el-eje-que-redefine-la-estrategia-de-la-aviacion-moderna\/\" \/>\n<meta property=\"og:site_name\" content=\"Aeronoticias.com.pe\" \/>\n<meta property=\"article:publisher\" content=\"https:\/\/www.facebook.com\/Aeronoticias.com.pe\/\" \/>\n<meta property=\"article:published_time\" content=\"2026-01-26T18:11:43+00:00\" \/>\n<meta property=\"article:modified_time\" content=\"2026-01-26T18:13:18+00:00\" \/>\n<meta property=\"og:image\" content=\"https:\/\/aeronoticias.com.pe\/noticiero\/wp-content\/uploads\/2026\/01\/maxresdefault-3.jpg\" \/>\n\t<meta property=\"og:image:width\" content=\"1280\" \/>\n\t<meta property=\"og:image:height\" content=\"720\" \/>\n\t<meta property=\"og:image:type\" content=\"image\/jpeg\" \/>\n<meta name=\"author\" content=\"sebastian\" \/>\n<meta name=\"twitter:card\" content=\"summary_large_image\" \/>\n<meta name=\"twitter:creator\" content=\"@aeronoticias\" \/>\n<meta name=\"twitter:site\" content=\"@aeronoticias\" \/>\n<meta name=\"twitter:label1\" content=\"Escrito por\" \/>\n\t<meta name=\"twitter:data1\" content=\"sebastian\" \/>\n\t<meta name=\"twitter:label2\" content=\"Tiempo de lectura\" \/>\n\t<meta name=\"twitter:data2\" content=\"4 minutos\" \/>\n<script type=\"application\/ld+json\" class=\"yoast-schema-graph\">{\"@context\":\"https:\/\/schema.org\",\"@graph\":[{\"@type\":\"WebPage\",\"@id\":\"https:\/\/aeronoticias.com.pe\/noticiero\/turismo\/13\/reduccion-de-emisiones-el-eje-que-redefine-la-estrategia-de-la-aviacion-moderna\/\",\"url\":\"https:\/\/aeronoticias.com.pe\/noticiero\/turismo\/13\/reduccion-de-emisiones-el-eje-que-redefine-la-estrategia-de-la-aviacion-moderna\/\",\"name\":\"Reducci\u00f3n de emisiones, el eje que redefine la estrategia de la aviaci\u00f3n moderna\",\"isPartOf\":{\"@id\":\"https:\/\/aeronoticias.com.pe\/noticiero\/#website\"},\"primaryImageOfPage\":{\"@id\":\"https:\/\/aeronoticias.com.pe\/noticiero\/turismo\/13\/reduccion-de-emisiones-el-eje-que-redefine-la-estrategia-de-la-aviacion-moderna\/#primaryimage\"},\"image\":{\"@id\":\"https:\/\/aeronoticias.com.pe\/noticiero\/turismo\/13\/reduccion-de-emisiones-el-eje-que-redefine-la-estrategia-de-la-aviacion-moderna\/#primaryimage\"},\"thumbnailUrl\":\"https:\/\/aeronoticias.com.pe\/noticiero\/wp-content\/uploads\/2026\/01\/maxresdefault-3.jpg\",\"datePublished\":\"2026-01-26T18:11:43+00:00\",\"dateModified\":\"2026-01-26T18:13:18+00:00\",\"author\":{\"@id\":\"https:\/\/aeronoticias.com.pe\/noticiero\/#\/schema\/person\/45ec58b0c4aefb9b6ee48f40659be5a3\"},\"description\":\"(Aeronoticias): La reducci\u00f3n de emisiones se ha convertido en uno de los objetivos centrales de la aviaci\u00f3n global. En un contexto de crecimiento sostenido del tr\u00e1fico a\u00e9reo y mayor conciencia ambiental, el sector enfrenta el desaf\u00edo de seguir conectando al mundo mientras disminuye de forma real y medible su impacto clim\u00e1tico. Ya no se trata de una meta a largo plazo, sino de una transformaci\u00f3n estructural en curso.\",\"breadcrumb\":{\"@id\":\"https:\/\/aeronoticias.com.pe\/noticiero\/turismo\/13\/reduccion-de-emisiones-el-eje-que-redefine-la-estrategia-de-la-aviacion-moderna\/#breadcrumb\"},\"inLanguage\":\"es\",\"potentialAction\":[{\"@type\":\"ReadAction\",\"target\":[\"https:\/\/aeronoticias.com.pe\/noticiero\/turismo\/13\/reduccion-de-emisiones-el-eje-que-redefine-la-estrategia-de-la-aviacion-moderna\/\"]}]},{\"@type\":\"ImageObject\",\"inLanguage\":\"es\",\"@id\":\"https:\/\/aeronoticias.com.pe\/noticiero\/turismo\/13\/reduccion-de-emisiones-el-eje-que-redefine-la-estrategia-de-la-aviacion-moderna\/#primaryimage\",\"url\":\"https:\/\/aeronoticias.com.pe\/noticiero\/wp-content\/uploads\/2026\/01\/maxresdefault-3.jpg\",\"contentUrl\":\"https:\/\/aeronoticias.com.pe\/noticiero\/wp-content\/uploads\/2026\/01\/maxresdefault-3.jpg\",\"width\":1280,\"height\":720},{\"@type\":\"BreadcrumbList\",\"@id\":\"https:\/\/aeronoticias.com.pe\/noticiero\/turismo\/13\/reduccion-de-emisiones-el-eje-que-redefine-la-estrategia-de-la-aviacion-moderna\/#breadcrumb\",\"itemListElement\":[{\"@type\":\"ListItem\",\"position\":1,\"name\":\"Portada\",\"item\":\"https:\/\/aeronoticias.com.pe\/noticiero\/\"},{\"@type\":\"ListItem\",\"position\":2,\"name\":\"Reducci\u00f3n de emisiones, el eje que redefine la estrategia de la aviaci\u00f3n moderna\"}]},{\"@type\":\"WebSite\",\"@id\":\"https:\/\/aeronoticias.com.pe\/noticiero\/#website\",\"url\":\"https:\/\/aeronoticias.com.pe\/noticiero\/\",\"name\":\"Aeronoticias.com.pe\",\"description\":\"Noticias de tranporte aereo, turismo, hoteles, gastronomia, actualidad, internacional\",\"potentialAction\":[{\"@type\":\"SearchAction\",\"target\":{\"@type\":\"EntryPoint\",\"urlTemplate\":\"https:\/\/aeronoticias.com.pe\/noticiero\/?s={search_term_string}\"},\"query-input\":{\"@type\":\"PropertyValueSpecification\",\"valueRequired\":true,\"valueName\":\"search_term_string\"}}],\"inLanguage\":\"es\"},{\"@type\":\"Person\",\"@id\":\"https:\/\/aeronoticias.com.pe\/noticiero\/#\/schema\/person\/45ec58b0c4aefb9b6ee48f40659be5a3\",\"name\":\"sebastian\",\"url\":\"https:\/\/aeronoticias.com.pe\/noticiero\/author\/sebastian\/\"}]}<\/script>\n<!-- \/ Yoast SEO plugin. -->","yoast_head_json":{"title":"Reducci\u00f3n de emisiones, el eje que redefine la estrategia de la aviaci\u00f3n moderna","description":"(Aeronoticias): La reducci\u00f3n de emisiones se ha convertido en uno de los objetivos centrales de la aviaci\u00f3n global. En un contexto de crecimiento sostenido del tr\u00e1fico a\u00e9reo y mayor conciencia ambiental, el sector enfrenta el desaf\u00edo de seguir conectando al mundo mientras disminuye de forma real y medible su impacto clim\u00e1tico. Ya no se trata de una meta a largo plazo, sino de una transformaci\u00f3n estructural en curso.","robots":{"index":"index","follow":"follow","max-snippet":"max-snippet:-1","max-image-preview":"max-image-preview:large","max-video-preview":"max-video-preview:-1"},"canonical":"https:\/\/aeronoticias.com.pe\/noticiero\/turismo\/13\/reduccion-de-emisiones-el-eje-que-redefine-la-estrategia-de-la-aviacion-moderna\/","og_locale":"es_ES","og_type":"article","og_title":"Reducci\u00f3n de emisiones, el eje que redefine la estrategia de la aviaci\u00f3n moderna","og_description":"(Aeronoticias): La reducci\u00f3n de emisiones se ha convertido en uno de los objetivos centrales de la aviaci\u00f3n global. En un contexto de crecimiento sostenido del tr\u00e1fico a\u00e9reo y mayor conciencia ambiental, el sector enfrenta el desaf\u00edo de seguir conectando al mundo mientras disminuye de forma real y medible su impacto clim\u00e1tico. Ya no se trata de una meta a largo plazo, sino de una transformaci\u00f3n estructural en curso.","og_url":"https:\/\/aeronoticias.com.pe\/noticiero\/turismo\/13\/reduccion-de-emisiones-el-eje-que-redefine-la-estrategia-de-la-aviacion-moderna\/","og_site_name":"Aeronoticias.com.pe","article_publisher":"https:\/\/www.facebook.com\/Aeronoticias.com.pe\/","article_published_time":"2026-01-26T18:11:43+00:00","article_modified_time":"2026-01-26T18:13:18+00:00","og_image":[{"width":1280,"height":720,"url":"https:\/\/aeronoticias.com.pe\/noticiero\/wp-content\/uploads\/2026\/01\/maxresdefault-3.jpg","type":"image\/jpeg"}],"author":"sebastian","twitter_card":"summary_large_image","twitter_creator":"@aeronoticias","twitter_site":"@aeronoticias","twitter_misc":{"Escrito por":"sebastian","Tiempo de lectura":"4 minutos"},"schema":{"@context":"https:\/\/schema.org","@graph":[{"@type":"WebPage","@id":"https:\/\/aeronoticias.com.pe\/noticiero\/turismo\/13\/reduccion-de-emisiones-el-eje-que-redefine-la-estrategia-de-la-aviacion-moderna\/","url":"https:\/\/aeronoticias.com.pe\/noticiero\/turismo\/13\/reduccion-de-emisiones-el-eje-que-redefine-la-estrategia-de-la-aviacion-moderna\/","name":"Reducci\u00f3n de emisiones, el eje que redefine la estrategia de la aviaci\u00f3n moderna","isPartOf":{"@id":"https:\/\/aeronoticias.com.pe\/noticiero\/#website"},"primaryImageOfPage":{"@id":"https:\/\/aeronoticias.com.pe\/noticiero\/turismo\/13\/reduccion-de-emisiones-el-eje-que-redefine-la-estrategia-de-la-aviacion-moderna\/#primaryimage"},"image":{"@id":"https:\/\/aeronoticias.com.pe\/noticiero\/turismo\/13\/reduccion-de-emisiones-el-eje-que-redefine-la-estrategia-de-la-aviacion-moderna\/#primaryimage"},"thumbnailUrl":"https:\/\/aeronoticias.com.pe\/noticiero\/wp-content\/uploads\/2026\/01\/maxresdefault-3.jpg","datePublished":"2026-01-26T18:11:43+00:00","dateModified":"2026-01-26T18:13:18+00:00","author":{"@id":"https:\/\/aeronoticias.com.pe\/noticiero\/#\/schema\/person\/45ec58b0c4aefb9b6ee48f40659be5a3"},"description":"(Aeronoticias): La reducci\u00f3n de emisiones se ha convertido en uno de los objetivos centrales de la aviaci\u00f3n global. En un contexto de crecimiento sostenido del tr\u00e1fico a\u00e9reo y mayor conciencia ambiental, el sector enfrenta el desaf\u00edo de seguir conectando al mundo mientras disminuye de forma real y medible su impacto clim\u00e1tico. Ya no se trata de una meta a largo plazo, sino de una transformaci\u00f3n estructural en curso.","breadcrumb":{"@id":"https:\/\/aeronoticias.com.pe\/noticiero\/turismo\/13\/reduccion-de-emisiones-el-eje-que-redefine-la-estrategia-de-la-aviacion-moderna\/#breadcrumb"},"inLanguage":"es","potentialAction":[{"@type":"ReadAction","target":["https:\/\/aeronoticias.com.pe\/noticiero\/turismo\/13\/reduccion-de-emisiones-el-eje-que-redefine-la-estrategia-de-la-aviacion-moderna\/"]}]},{"@type":"ImageObject","inLanguage":"es","@id":"https:\/\/aeronoticias.com.pe\/noticiero\/turismo\/13\/reduccion-de-emisiones-el-eje-que-redefine-la-estrategia-de-la-aviacion-moderna\/#primaryimage","url":"https:\/\/aeronoticias.com.pe\/noticiero\/wp-content\/uploads\/2026\/01\/maxresdefault-3.jpg","contentUrl":"https:\/\/aeronoticias.com.pe\/noticiero\/wp-content\/uploads\/2026\/01\/maxresdefault-3.jpg","width":1280,"height":720},{"@type":"BreadcrumbList","@id":"https:\/\/aeronoticias.com.pe\/noticiero\/turismo\/13\/reduccion-de-emisiones-el-eje-que-redefine-la-estrategia-de-la-aviacion-moderna\/#breadcrumb","itemListElement":[{"@type":"ListItem","position":1,"name":"Portada","item":"https:\/\/aeronoticias.com.pe\/noticiero\/"},{"@type":"ListItem","position":2,"name":"Reducci\u00f3n de emisiones, el eje que redefine la estrategia de la aviaci\u00f3n moderna"}]},{"@type":"WebSite","@id":"https:\/\/aeronoticias.com.pe\/noticiero\/#website","url":"https:\/\/aeronoticias.com.pe\/noticiero\/","name":"Aeronoticias.com.pe","description":"Noticias de tranporte aereo, turismo, hoteles, gastronomia, actualidad, internacional","potentialAction":[{"@type":"SearchAction","target":{"@type":"EntryPoint","urlTemplate":"https:\/\/aeronoticias.com.pe\/noticiero\/?s={search_term_string}"},"query-input":{"@type":"PropertyValueSpecification","valueRequired":true,"valueName":"search_term_string"}}],"inLanguage":"es"},{"@type":"Person","@id":"https:\/\/aeronoticias.com.pe\/noticiero\/#\/schema\/person\/45ec58b0c4aefb9b6ee48f40659be5a3","name":"sebastian","url":"https:\/\/aeronoticias.com.pe\/noticiero\/author\/sebastian\/"}]}},"_links":{"self":[{"href":"https:\/\/aeronoticias.com.pe\/noticiero\/wp-json\/wp\/v2\/posts\/97706","targetHints":{"allow":["GET"]}}],"collection":[{"href":"https:\/\/aeronoticias.com.pe\/noticiero\/wp-json\/wp\/v2\/posts"}],"about":[{"href":"https:\/\/aeronoticias.com.pe\/noticiero\/wp-json\/wp\/v2\/types\/post"}],"author":[{"embeddable":true,"href":"https:\/\/aeronoticias.com.pe\/noticiero\/wp-json\/wp\/v2\/users\/7"}],"replies":[{"embeddable":true,"href":"https:\/\/aeronoticias.com.pe\/noticiero\/wp-json\/wp\/v2\/comments?post=97706"}],"version-history":[{"count":1,"href":"https:\/\/aeronoticias.com.pe\/noticiero\/wp-json\/wp\/v2\/posts\/97706\/revisions"}],"predecessor-version":[{"id":97708,"href":"https:\/\/aeronoticias.com.pe\/noticiero\/wp-json\/wp\/v2\/posts\/97706\/revisions\/97708"}],"wp:featuredmedia":[{"embeddable":true,"href":"https:\/\/aeronoticias.com.pe\/noticiero\/wp-json\/wp\/v2\/media\/97707"}],"wp:attachment":[{"href":"https:\/\/aeronoticias.com.pe\/noticiero\/wp-json\/wp\/v2\/media?parent=97706"}],"wp:term":[{"taxonomy":"category","embeddable":true,"href":"https:\/\/aeronoticias.com.pe\/noticiero\/wp-json\/wp\/v2\/categories?post=97706"},{"taxonomy":"post_tag","embeddable":true,"href":"https:\/\/aeronoticias.com.pe\/noticiero\/wp-json\/wp\/v2\/tags?post=97706"}],"curies":[{"name":"wp","href":"https:\/\/api.w.org\/{rel}","templated":true}]}}