{"id":97738,"date":"2026-01-26T13:44:00","date_gmt":"2026-01-26T18:44:00","guid":{"rendered":"https:\/\/aeronoticias.com.pe\/noticiero\/?p=97738"},"modified":"2026-01-26T13:44:02","modified_gmt":"2026-01-26T18:44:02","slug":"evolucion-del-transporte-aereo-del-sueno-de-volar-a-la-columna-vertebral-del-mundo-moderno","status":"publish","type":"post","link":"https:\/\/aeronoticias.com.pe\/noticiero\/turismo\/13\/evolucion-del-transporte-aereo-del-sueno-de-volar-a-la-columna-vertebral-del-mundo-moderno\/","title":{"rendered":"Evoluci\u00f3n del transporte a\u00e9reo, del sue\u00f1o de volar a la columna vertebral del mundo moderno"},"content":{"rendered":"\n<h2 class=\"wp-block-heading\"><\/h2>\n\n\n\n<p><strong>(Aeronoticias):<\/strong> La evoluci\u00f3n del transporte a\u00e9reo es una de las transformaciones m\u00e1s profundas de la historia contempor\u00e1nea. En poco m\u00e1s de un siglo, volar pas\u00f3 de ser una haza\u00f1a experimental a convertirse en una infraestructura esencial para la econom\u00eda, la movilidad humana y la globalizaci\u00f3n. Este proceso no fue lineal: estuvo marcado por avances tecnol\u00f3gicos, crisis, guerras, regulaciones y cambios culturales que redefinieron c\u00f3mo y por qu\u00e9 se vuela.<\/p>\n\n\n\n<p>El transporte a\u00e9reo no solo evolucion\u00f3 en t\u00e9rminos de velocidad o capacidad, sino tambi\u00e9n en seguridad, accesibilidad y alcance social.<\/p>\n\n\n\n<h3 class=\"wp-block-heading\">Los primeros pasos del transporte a\u00e9reo<\/h3>\n\n\n\n<p>En sus inicios, el transporte a\u00e9reo estaba lejos de ser masivo. Los primeros vuelos eran cortos, inseguros y dependientes del clima. Su funci\u00f3n principal no era transportar pasajeros, sino demostrar que el vuelo controlado era posible.<\/p>\n\n\n\n<p>El paso del experimento a la operaci\u00f3n regular marc\u00f3 el inicio de una nueva era.<\/p>\n\n\n\n<h3 class=\"wp-block-heading\">Del correo a\u00e9reo al pasajero<\/h3>\n\n\n\n<p>El transporte a\u00e9reo comercial naci\u00f3 ligado al correo. Antes de mover personas, los aviones mov\u00edan cartas y documentos. Esta etapa permiti\u00f3 desarrollar rutas, procedimientos y confianza en la operaci\u00f3n a\u00e9rea.<\/p>\n\n\n\n<p>Con el tiempo, los pasajeros comenzaron a ocupar un lugar central, transformando al avi\u00f3n en un medio de transporte humano y no solo log\u00edstico.<\/p>\n\n\n\n<h3 class=\"wp-block-heading\">La aviaci\u00f3n como s\u00edmbolo de progreso<\/h3>\n\n\n\n<p>Durante gran parte del siglo XX, volar represent\u00f3 modernidad y avance tecnol\u00f3gico. El avi\u00f3n se convirti\u00f3 en s\u00edmbolo de desarrollo nacional, integraci\u00f3n territorial y poder industrial.<\/p>\n\n\n\n<p>Los pa\u00edses invirtieron en aerol\u00edneas y aeropuertos como parte de su estrategia de crecimiento.<\/p>\n\n\n\n<h3 class=\"wp-block-heading\">Expansi\u00f3n y masificaci\u00f3n del transporte a\u00e9reo<\/h3>\n\n\n\n<p>El gran punto de inflexi\u00f3n lleg\u00f3 con la masificaci\u00f3n. Aviones m\u00e1s grandes, motores m\u00e1s eficientes y econom\u00edas de escala permitieron reducir costos y ampliar el acceso al transporte a\u00e9reo.<\/p>\n\n\n\n<p>Volar dej\u00f3 de ser un privilegio exclusivo para convertirse en una opci\u00f3n viable para amplios sectores de la poblaci\u00f3n.<\/p>\n\n\n\n<h3 class=\"wp-block-heading\">Seguridad como eje de la evoluci\u00f3n<\/h3>\n\n\n\n<p>La evoluci\u00f3n del transporte a\u00e9reo est\u00e1 \u00edntimamente ligada a la seguridad. Cada accidente impuls\u00f3 mejoras en dise\u00f1o, procedimientos y regulaci\u00f3n. La aviaci\u00f3n desarroll\u00f3 una cultura \u00fanica basada en el aprendizaje continuo y la prevenci\u00f3n.<\/p>\n\n\n\n<p>Hoy, el transporte a\u00e9reo es uno de los medios m\u00e1s seguros del mundo gracias a esta evoluci\u00f3n.<\/p>\n\n\n\n<h3 class=\"wp-block-heading\">Red global y conectividad<\/h3>\n\n\n\n<p>Con el tiempo, el transporte a\u00e9reo dej\u00f3 de ser una suma de rutas aisladas para convertirse en una red global interconectada. Hubs, alianzas y sistemas de conexi\u00f3n redefinieron la forma de viajar.<\/p>\n\n\n\n<p>El mundo comenz\u00f3 a funcionar en tiempo real gracias a la conectividad a\u00e9rea.<\/p>\n\n\n\n<h3 class=\"wp-block-heading\">Impacto econ\u00f3mico y social<\/h3>\n\n\n\n<p>La evoluci\u00f3n del transporte a\u00e9reo tuvo un impacto directo en el comercio, el turismo y la movilidad laboral. Empresas globales, cadenas de suministro y econom\u00edas regionales dependen hoy del avi\u00f3n para operar.<\/p>\n\n\n\n<p>El transporte a\u00e9reo se convirti\u00f3 en una infraestructura cr\u00edtica para el desarrollo.<\/p>\n\n\n\n<h3 class=\"wp-block-heading\">Transformaci\u00f3n del modelo de negocio<\/h3>\n\n\n\n<p>A lo largo del tiempo, surgieron distintos modelos: aerol\u00edneas estatales, tradicionales, h\u00edbridas y de bajo costo. Cada uno respondi\u00f3 a contextos econ\u00f3micos y sociales espec\u00edficos.<\/p>\n\n\n\n<p>Esta diversidad permiti\u00f3 ampliar la oferta y adaptarse a distintos perfiles de pasajeros.<\/p>\n\n\n\n<h3 class=\"wp-block-heading\">Tecnolog\u00eda y digitalizaci\u00f3n<\/h3>\n\n\n\n<p>La digitalizaci\u00f3n marc\u00f3 una nueva etapa en la evoluci\u00f3n del transporte a\u00e9reo. Sistemas de navegaci\u00f3n avanzada, automatizaci\u00f3n, an\u00e1lisis de datos y gesti\u00f3n digital transformaron la operaci\u00f3n y la experiencia del pasajero.<\/p>\n\n\n\n<p>El avi\u00f3n moderno es tambi\u00e9n un sistema inform\u00e1tico en movimiento.<\/p>\n\n\n\n<h3 class=\"wp-block-heading\">Nuevos desaf\u00edos del siglo XXI<\/h3>\n\n\n\n<p>Hoy, el transporte a\u00e9reo enfrenta desaf\u00edos distintos a los del pasado. Sostenibilidad ambiental, presi\u00f3n regulatoria, congesti\u00f3n y expectativas cambiantes del pasajero obligan a replantear el modelo de crecimiento.<\/p>\n\n\n\n<p>La evoluci\u00f3n ya no se mide solo en expansi\u00f3n, sino en responsabilidad.<\/p>\n\n\n\n<h3 class=\"wp-block-heading\">Hacia una nueva etapa del transporte a\u00e9reo<\/h3>\n\n\n\n<p>La evoluci\u00f3n del transporte a\u00e9reo contin\u00faa. Aviones m\u00e1s eficientes, nuevas formas de propulsi\u00f3n, integraci\u00f3n multimodal y cambios en h\u00e1bitos de viaje est\u00e1n redefiniendo el futuro del sector.<\/p>\n\n\n\n<p>El transporte a\u00e9reo ya no se concibe solo como un medio r\u00e1pido, sino como un sistema que debe equilibrar conectividad, impacto y equidad.<\/p>\n\n\n\n<h3 class=\"wp-block-heading\">Un siglo que cambi\u00f3 la forma de vivir<\/h3>\n\n\n\n<p>En poco m\u00e1s de cien a\u00f1os, el transporte a\u00e9reo transform\u00f3 la relaci\u00f3n de la humanidad con el espacio y el tiempo. Acerc\u00f3 continentes, impuls\u00f3 econom\u00edas y conect\u00f3 culturas.<\/p>\n\n\n\n<p>Entender su evoluci\u00f3n es comprender c\u00f3mo el mundo moderno lleg\u00f3 a ser lo que es hoy: interconectado, m\u00f3vil y profundamente dependiente del cielo como v\u00eda de encuentro y desarrollo.<\/p>\n\n\n\n<p><strong>Fuente: Sebastian Palacin<\/strong><\/p>\n","protected":false},"excerpt":{"rendered":"<p>(Aeronoticias): La evoluci\u00f3n del transporte a\u00e9reo es una de las transformaciones m\u00e1s profundas de la historia contempor\u00e1nea. En poco m\u00e1s de un siglo, volar pas\u00f3 de ser una haza\u00f1a experimental a convertirse en una infraestructura esencial para la econom\u00eda, la movilidad humana y la globalizaci\u00f3n. Este proceso no fue lineal: estuvo marcado por avances tecnol\u00f3gicos, [&hellip;]<\/p>\n","protected":false},"author":7,"featured_media":97739,"comment_status":"closed","ping_status":"closed","sticky":false,"template":"","format":"standard","meta":{"tdm_status":"","tdm_grid_status":"","footnotes":""},"categories":[11,31],"tags":[],"class_list":{"0":"post-97738","1":"post","2":"type-post","3":"status-publish","4":"format-standard","5":"has-post-thumbnail","7":"category-transporte-aereo","8":"category-31"},"yoast_head":"<!-- This site is optimized with the Yoast SEO plugin v25.1 - https:\/\/yoast.com\/wordpress\/plugins\/seo\/ -->\n<title>Evoluci\u00f3n del transporte a\u00e9reo, del sue\u00f1o de volar a la columna vertebral del mundo moderno<\/title>\n<meta name=\"description\" content=\"(Aeronoticias): La evoluci\u00f3n del transporte a\u00e9reo es una de las transformaciones m\u00e1s profundas de la historia contempor\u00e1nea. En poco m\u00e1s de un siglo, volar pas\u00f3 de ser una haza\u00f1a experimental a convertirse en una infraestructura esencial para la econom\u00eda, la movilidad humana y la globalizaci\u00f3n. Este proceso no fue lineal: estuvo marcado por avances tecnol\u00f3gicos, crisis, guerras, regulaciones y cambios culturales que redefinieron c\u00f3mo y por qu\u00e9 se vuela.\" \/>\n<meta name=\"robots\" content=\"index, follow, max-snippet:-1, max-image-preview:large, max-video-preview:-1\" \/>\n<link rel=\"canonical\" href=\"https:\/\/aeronoticias.com.pe\/noticiero\/turismo\/13\/evolucion-del-transporte-aereo-del-sueno-de-volar-a-la-columna-vertebral-del-mundo-moderno\/\" \/>\n<meta property=\"og:locale\" content=\"es_ES\" \/>\n<meta property=\"og:type\" content=\"article\" \/>\n<meta property=\"og:title\" content=\"Evoluci\u00f3n del transporte a\u00e9reo, del sue\u00f1o de volar a la columna vertebral del mundo moderno\" \/>\n<meta property=\"og:description\" content=\"(Aeronoticias): La evoluci\u00f3n del transporte a\u00e9reo es una de las transformaciones m\u00e1s profundas de la historia contempor\u00e1nea. En poco m\u00e1s de un siglo, volar pas\u00f3 de ser una haza\u00f1a experimental a convertirse en una infraestructura esencial para la econom\u00eda, la movilidad humana y la globalizaci\u00f3n. Este proceso no fue lineal: estuvo marcado por avances tecnol\u00f3gicos, crisis, guerras, regulaciones y cambios culturales que redefinieron c\u00f3mo y por qu\u00e9 se vuela.\" \/>\n<meta property=\"og:url\" content=\"https:\/\/aeronoticias.com.pe\/noticiero\/turismo\/13\/evolucion-del-transporte-aereo-del-sueno-de-volar-a-la-columna-vertebral-del-mundo-moderno\/\" \/>\n<meta property=\"og:site_name\" content=\"Aeronoticias.com.pe\" \/>\n<meta property=\"article:publisher\" content=\"https:\/\/www.facebook.com\/Aeronoticias.com.pe\/\" \/>\n<meta property=\"article:published_time\" content=\"2026-01-26T18:44:00+00:00\" \/>\n<meta property=\"article:modified_time\" content=\"2026-01-26T18:44:02+00:00\" \/>\n<meta property=\"og:image\" content=\"https:\/\/aeronoticias.com.pe\/noticiero\/wp-content\/uploads\/2026\/01\/556bcf4fdbed34048e858e44ba577d7d.jpg\" \/>\n\t<meta property=\"og:image:width\" content=\"640\" \/>\n\t<meta property=\"og:image:height\" content=\"360\" \/>\n\t<meta property=\"og:image:type\" content=\"image\/jpeg\" \/>\n<meta name=\"author\" content=\"sebastian\" \/>\n<meta name=\"twitter:card\" content=\"summary_large_image\" \/>\n<meta name=\"twitter:creator\" content=\"@aeronoticias\" \/>\n<meta name=\"twitter:site\" content=\"@aeronoticias\" \/>\n<meta name=\"twitter:label1\" content=\"Escrito por\" \/>\n\t<meta name=\"twitter:data1\" content=\"sebastian\" \/>\n\t<meta name=\"twitter:label2\" content=\"Tiempo de lectura\" \/>\n\t<meta name=\"twitter:data2\" content=\"4 minutos\" \/>\n<script type=\"application\/ld+json\" class=\"yoast-schema-graph\">{\"@context\":\"https:\/\/schema.org\",\"@graph\":[{\"@type\":\"WebPage\",\"@id\":\"https:\/\/aeronoticias.com.pe\/noticiero\/turismo\/13\/evolucion-del-transporte-aereo-del-sueno-de-volar-a-la-columna-vertebral-del-mundo-moderno\/\",\"url\":\"https:\/\/aeronoticias.com.pe\/noticiero\/turismo\/13\/evolucion-del-transporte-aereo-del-sueno-de-volar-a-la-columna-vertebral-del-mundo-moderno\/\",\"name\":\"Evoluci\u00f3n del transporte a\u00e9reo, del sue\u00f1o de volar a la columna vertebral del mundo moderno\",\"isPartOf\":{\"@id\":\"https:\/\/aeronoticias.com.pe\/noticiero\/#website\"},\"primaryImageOfPage\":{\"@id\":\"https:\/\/aeronoticias.com.pe\/noticiero\/turismo\/13\/evolucion-del-transporte-aereo-del-sueno-de-volar-a-la-columna-vertebral-del-mundo-moderno\/#primaryimage\"},\"image\":{\"@id\":\"https:\/\/aeronoticias.com.pe\/noticiero\/turismo\/13\/evolucion-del-transporte-aereo-del-sueno-de-volar-a-la-columna-vertebral-del-mundo-moderno\/#primaryimage\"},\"thumbnailUrl\":\"https:\/\/aeronoticias.com.pe\/noticiero\/wp-content\/uploads\/2026\/01\/556bcf4fdbed34048e858e44ba577d7d.jpg\",\"datePublished\":\"2026-01-26T18:44:00+00:00\",\"dateModified\":\"2026-01-26T18:44:02+00:00\",\"author\":{\"@id\":\"https:\/\/aeronoticias.com.pe\/noticiero\/#\/schema\/person\/45ec58b0c4aefb9b6ee48f40659be5a3\"},\"description\":\"(Aeronoticias): La evoluci\u00f3n del transporte a\u00e9reo es una de las transformaciones m\u00e1s profundas de la historia contempor\u00e1nea. En poco m\u00e1s de un siglo, volar pas\u00f3 de ser una haza\u00f1a experimental a convertirse en una infraestructura esencial para la econom\u00eda, la movilidad humana y la globalizaci\u00f3n. Este proceso no fue lineal: estuvo marcado por avances tecnol\u00f3gicos, crisis, guerras, regulaciones y cambios culturales que redefinieron c\u00f3mo y por qu\u00e9 se vuela.\",\"breadcrumb\":{\"@id\":\"https:\/\/aeronoticias.com.pe\/noticiero\/turismo\/13\/evolucion-del-transporte-aereo-del-sueno-de-volar-a-la-columna-vertebral-del-mundo-moderno\/#breadcrumb\"},\"inLanguage\":\"es\",\"potentialAction\":[{\"@type\":\"ReadAction\",\"target\":[\"https:\/\/aeronoticias.com.pe\/noticiero\/turismo\/13\/evolucion-del-transporte-aereo-del-sueno-de-volar-a-la-columna-vertebral-del-mundo-moderno\/\"]}]},{\"@type\":\"ImageObject\",\"inLanguage\":\"es\",\"@id\":\"https:\/\/aeronoticias.com.pe\/noticiero\/turismo\/13\/evolucion-del-transporte-aereo-del-sueno-de-volar-a-la-columna-vertebral-del-mundo-moderno\/#primaryimage\",\"url\":\"https:\/\/aeronoticias.com.pe\/noticiero\/wp-content\/uploads\/2026\/01\/556bcf4fdbed34048e858e44ba577d7d.jpg\",\"contentUrl\":\"https:\/\/aeronoticias.com.pe\/noticiero\/wp-content\/uploads\/2026\/01\/556bcf4fdbed34048e858e44ba577d7d.jpg\",\"width\":640,\"height\":360},{\"@type\":\"BreadcrumbList\",\"@id\":\"https:\/\/aeronoticias.com.pe\/noticiero\/turismo\/13\/evolucion-del-transporte-aereo-del-sueno-de-volar-a-la-columna-vertebral-del-mundo-moderno\/#breadcrumb\",\"itemListElement\":[{\"@type\":\"ListItem\",\"position\":1,\"name\":\"Portada\",\"item\":\"https:\/\/aeronoticias.com.pe\/noticiero\/\"},{\"@type\":\"ListItem\",\"position\":2,\"name\":\"Evoluci\u00f3n del transporte a\u00e9reo, del sue\u00f1o de volar a la columna vertebral del mundo moderno\"}]},{\"@type\":\"WebSite\",\"@id\":\"https:\/\/aeronoticias.com.pe\/noticiero\/#website\",\"url\":\"https:\/\/aeronoticias.com.pe\/noticiero\/\",\"name\":\"Aeronoticias.com.pe\",\"description\":\"Noticias de tranporte aereo, turismo, hoteles, gastronomia, actualidad, internacional\",\"potentialAction\":[{\"@type\":\"SearchAction\",\"target\":{\"@type\":\"EntryPoint\",\"urlTemplate\":\"https:\/\/aeronoticias.com.pe\/noticiero\/?s={search_term_string}\"},\"query-input\":{\"@type\":\"PropertyValueSpecification\",\"valueRequired\":true,\"valueName\":\"search_term_string\"}}],\"inLanguage\":\"es\"},{\"@type\":\"Person\",\"@id\":\"https:\/\/aeronoticias.com.pe\/noticiero\/#\/schema\/person\/45ec58b0c4aefb9b6ee48f40659be5a3\",\"name\":\"sebastian\",\"url\":\"https:\/\/aeronoticias.com.pe\/noticiero\/author\/sebastian\/\"}]}<\/script>\n<!-- \/ Yoast SEO plugin. -->","yoast_head_json":{"title":"Evoluci\u00f3n del transporte a\u00e9reo, del sue\u00f1o de volar a la columna vertebral del mundo moderno","description":"(Aeronoticias): La evoluci\u00f3n del transporte a\u00e9reo es una de las transformaciones m\u00e1s profundas de la historia contempor\u00e1nea. En poco m\u00e1s de un siglo, volar pas\u00f3 de ser una haza\u00f1a experimental a convertirse en una infraestructura esencial para la econom\u00eda, la movilidad humana y la globalizaci\u00f3n. Este proceso no fue lineal: estuvo marcado por avances tecnol\u00f3gicos, crisis, guerras, regulaciones y cambios culturales que redefinieron c\u00f3mo y por qu\u00e9 se vuela.","robots":{"index":"index","follow":"follow","max-snippet":"max-snippet:-1","max-image-preview":"max-image-preview:large","max-video-preview":"max-video-preview:-1"},"canonical":"https:\/\/aeronoticias.com.pe\/noticiero\/turismo\/13\/evolucion-del-transporte-aereo-del-sueno-de-volar-a-la-columna-vertebral-del-mundo-moderno\/","og_locale":"es_ES","og_type":"article","og_title":"Evoluci\u00f3n del transporte a\u00e9reo, del sue\u00f1o de volar a la columna vertebral del mundo moderno","og_description":"(Aeronoticias): La evoluci\u00f3n del transporte a\u00e9reo es una de las transformaciones m\u00e1s profundas de la historia contempor\u00e1nea. En poco m\u00e1s de un siglo, volar pas\u00f3 de ser una haza\u00f1a experimental a convertirse en una infraestructura esencial para la econom\u00eda, la movilidad humana y la globalizaci\u00f3n. Este proceso no fue lineal: estuvo marcado por avances tecnol\u00f3gicos, crisis, guerras, regulaciones y cambios culturales que redefinieron c\u00f3mo y por qu\u00e9 se vuela.","og_url":"https:\/\/aeronoticias.com.pe\/noticiero\/turismo\/13\/evolucion-del-transporte-aereo-del-sueno-de-volar-a-la-columna-vertebral-del-mundo-moderno\/","og_site_name":"Aeronoticias.com.pe","article_publisher":"https:\/\/www.facebook.com\/Aeronoticias.com.pe\/","article_published_time":"2026-01-26T18:44:00+00:00","article_modified_time":"2026-01-26T18:44:02+00:00","og_image":[{"width":640,"height":360,"url":"https:\/\/aeronoticias.com.pe\/noticiero\/wp-content\/uploads\/2026\/01\/556bcf4fdbed34048e858e44ba577d7d.jpg","type":"image\/jpeg"}],"author":"sebastian","twitter_card":"summary_large_image","twitter_creator":"@aeronoticias","twitter_site":"@aeronoticias","twitter_misc":{"Escrito por":"sebastian","Tiempo de lectura":"4 minutos"},"schema":{"@context":"https:\/\/schema.org","@graph":[{"@type":"WebPage","@id":"https:\/\/aeronoticias.com.pe\/noticiero\/turismo\/13\/evolucion-del-transporte-aereo-del-sueno-de-volar-a-la-columna-vertebral-del-mundo-moderno\/","url":"https:\/\/aeronoticias.com.pe\/noticiero\/turismo\/13\/evolucion-del-transporte-aereo-del-sueno-de-volar-a-la-columna-vertebral-del-mundo-moderno\/","name":"Evoluci\u00f3n del transporte a\u00e9reo, del sue\u00f1o de volar a la columna vertebral del mundo moderno","isPartOf":{"@id":"https:\/\/aeronoticias.com.pe\/noticiero\/#website"},"primaryImageOfPage":{"@id":"https:\/\/aeronoticias.com.pe\/noticiero\/turismo\/13\/evolucion-del-transporte-aereo-del-sueno-de-volar-a-la-columna-vertebral-del-mundo-moderno\/#primaryimage"},"image":{"@id":"https:\/\/aeronoticias.com.pe\/noticiero\/turismo\/13\/evolucion-del-transporte-aereo-del-sueno-de-volar-a-la-columna-vertebral-del-mundo-moderno\/#primaryimage"},"thumbnailUrl":"https:\/\/aeronoticias.com.pe\/noticiero\/wp-content\/uploads\/2026\/01\/556bcf4fdbed34048e858e44ba577d7d.jpg","datePublished":"2026-01-26T18:44:00+00:00","dateModified":"2026-01-26T18:44:02+00:00","author":{"@id":"https:\/\/aeronoticias.com.pe\/noticiero\/#\/schema\/person\/45ec58b0c4aefb9b6ee48f40659be5a3"},"description":"(Aeronoticias): La evoluci\u00f3n del transporte a\u00e9reo es una de las transformaciones m\u00e1s profundas de la historia contempor\u00e1nea. En poco m\u00e1s de un siglo, volar pas\u00f3 de ser una haza\u00f1a experimental a convertirse en una infraestructura esencial para la econom\u00eda, la movilidad humana y la globalizaci\u00f3n. Este proceso no fue lineal: estuvo marcado por avances tecnol\u00f3gicos, crisis, guerras, regulaciones y cambios culturales que redefinieron c\u00f3mo y por qu\u00e9 se vuela.","breadcrumb":{"@id":"https:\/\/aeronoticias.com.pe\/noticiero\/turismo\/13\/evolucion-del-transporte-aereo-del-sueno-de-volar-a-la-columna-vertebral-del-mundo-moderno\/#breadcrumb"},"inLanguage":"es","potentialAction":[{"@type":"ReadAction","target":["https:\/\/aeronoticias.com.pe\/noticiero\/turismo\/13\/evolucion-del-transporte-aereo-del-sueno-de-volar-a-la-columna-vertebral-del-mundo-moderno\/"]}]},{"@type":"ImageObject","inLanguage":"es","@id":"https:\/\/aeronoticias.com.pe\/noticiero\/turismo\/13\/evolucion-del-transporte-aereo-del-sueno-de-volar-a-la-columna-vertebral-del-mundo-moderno\/#primaryimage","url":"https:\/\/aeronoticias.com.pe\/noticiero\/wp-content\/uploads\/2026\/01\/556bcf4fdbed34048e858e44ba577d7d.jpg","contentUrl":"https:\/\/aeronoticias.com.pe\/noticiero\/wp-content\/uploads\/2026\/01\/556bcf4fdbed34048e858e44ba577d7d.jpg","width":640,"height":360},{"@type":"BreadcrumbList","@id":"https:\/\/aeronoticias.com.pe\/noticiero\/turismo\/13\/evolucion-del-transporte-aereo-del-sueno-de-volar-a-la-columna-vertebral-del-mundo-moderno\/#breadcrumb","itemListElement":[{"@type":"ListItem","position":1,"name":"Portada","item":"https:\/\/aeronoticias.com.pe\/noticiero\/"},{"@type":"ListItem","position":2,"name":"Evoluci\u00f3n del transporte a\u00e9reo, del sue\u00f1o de volar a la columna vertebral del mundo moderno"}]},{"@type":"WebSite","@id":"https:\/\/aeronoticias.com.pe\/noticiero\/#website","url":"https:\/\/aeronoticias.com.pe\/noticiero\/","name":"Aeronoticias.com.pe","description":"Noticias de tranporte aereo, turismo, hoteles, gastronomia, actualidad, internacional","potentialAction":[{"@type":"SearchAction","target":{"@type":"EntryPoint","urlTemplate":"https:\/\/aeronoticias.com.pe\/noticiero\/?s={search_term_string}"},"query-input":{"@type":"PropertyValueSpecification","valueRequired":true,"valueName":"search_term_string"}}],"inLanguage":"es"},{"@type":"Person","@id":"https:\/\/aeronoticias.com.pe\/noticiero\/#\/schema\/person\/45ec58b0c4aefb9b6ee48f40659be5a3","name":"sebastian","url":"https:\/\/aeronoticias.com.pe\/noticiero\/author\/sebastian\/"}]}},"_links":{"self":[{"href":"https:\/\/aeronoticias.com.pe\/noticiero\/wp-json\/wp\/v2\/posts\/97738","targetHints":{"allow":["GET"]}}],"collection":[{"href":"https:\/\/aeronoticias.com.pe\/noticiero\/wp-json\/wp\/v2\/posts"}],"about":[{"href":"https:\/\/aeronoticias.com.pe\/noticiero\/wp-json\/wp\/v2\/types\/post"}],"author":[{"embeddable":true,"href":"https:\/\/aeronoticias.com.pe\/noticiero\/wp-json\/wp\/v2\/users\/7"}],"replies":[{"embeddable":true,"href":"https:\/\/aeronoticias.com.pe\/noticiero\/wp-json\/wp\/v2\/comments?post=97738"}],"version-history":[{"count":1,"href":"https:\/\/aeronoticias.com.pe\/noticiero\/wp-json\/wp\/v2\/posts\/97738\/revisions"}],"predecessor-version":[{"id":97740,"href":"https:\/\/aeronoticias.com.pe\/noticiero\/wp-json\/wp\/v2\/posts\/97738\/revisions\/97740"}],"wp:featuredmedia":[{"embeddable":true,"href":"https:\/\/aeronoticias.com.pe\/noticiero\/wp-json\/wp\/v2\/media\/97739"}],"wp:attachment":[{"href":"https:\/\/aeronoticias.com.pe\/noticiero\/wp-json\/wp\/v2\/media?parent=97738"}],"wp:term":[{"taxonomy":"category","embeddable":true,"href":"https:\/\/aeronoticias.com.pe\/noticiero\/wp-json\/wp\/v2\/categories?post=97738"},{"taxonomy":"post_tag","embeddable":true,"href":"https:\/\/aeronoticias.com.pe\/noticiero\/wp-json\/wp\/v2\/tags?post=97738"}],"curies":[{"name":"wp","href":"https:\/\/api.w.org\/{rel}","templated":true}]}}