{"id":97750,"date":"2026-01-27T12:34:28","date_gmt":"2026-01-27T17:34:28","guid":{"rendered":"https:\/\/aeronoticias.com.pe\/noticiero\/?p=97750"},"modified":"2026-01-27T12:34:31","modified_gmt":"2026-01-27T17:34:31","slug":"ryanair-lanza-la-bomba-habra-caos-de-vuelos-este-verano-y-estas-son-las-razones","status":"publish","type":"post","link":"https:\/\/aeronoticias.com.pe\/noticiero\/internacionales\/ryanair-lanza-la-bomba-habra-caos-de-vuelos-este-verano-y-estas-son-las-razones\/","title":{"rendered":"Ryanair lanza la bomba: habr\u00e1 caos de vuelos este verano y estas son las razones"},"content":{"rendered":"\n<p><strong>(Aeronoticias)<\/strong>: <em>La temporada alta de viajes de 2026 amenaza con convertirse en una de las m\u00e1s complicadas de los \u00faltimos a\u00f1os.<\/em>&nbsp;<em>As\u00ed lo ha advertido&nbsp;<strong><a href=\"https:\/\/aviaciondigital.com\/respuesta-marin-aena-ryanair-recortes\/\">Ryanair,<\/a><\/strong>&nbsp;que ha encendido todas las alarmas al anticipar un verano marcado por retrasos, cancelaciones y una fuerte tensi\u00f3n operativa en los cielos europeos.<\/em><\/p>\n\n\n\n<p>La aerol\u00ednea irlandesa apunta directamente a los&nbsp;<strong>problemas estructurales<\/strong>&nbsp;del control del tr\u00e1fico a\u00e9reo como el principal factor de riesgo, en un contexto en el que la demanda sigue creciendo y la capacidad del sistema no logra acompasarse al mismo ritmo.<\/p>\n\n\n\n<p><strong>La advertencia llega con meses de antelaci\u00f3n, pero ojo no es casual<\/strong>. El sector arrastra desde hace a\u00f1os una combinaci\u00f3n de escasez de personal, infraestructuras saturadas y una coordinaci\u00f3n desigual entre pa\u00edses que vuelve especialmente fr\u00e1gil el sistema durante los picos de tr\u00e1fico.<\/p>\n\n\n\n<p>Para Ryanair, el escenario de 2026 re\u00fane todos los ingredientes para repetir, e incluso superar, los episodios de caos vividos en veranos anteriores.<\/p>\n\n\n\n<h2 class=\"wp-block-heading\" id=\"h-el-control-del-trafico-aereo-en-el-centro-del-problema\"><strong>El control del tr\u00e1fico a\u00e9reo, en el centro del problema<\/strong><\/h2>\n\n\n\n<p>El foco de la preocupaci\u00f3n est\u00e1 puesto en el&nbsp;<strong>control del tr\u00e1fico a\u00e9reo europeo<\/strong>, un sistema que opera de forma fragmentada y que depende de proveedores nacionales con niveles de recursos y eficiencia muy dispares.<\/p>\n\n\n\n<p>Seg\u00fan ha explicado el consejero delegado de&nbsp;<a href=\"https:\/\/aviaciondigital.com\/el-cuello-de-botella-de-boeing-obliga-a-ryanair-a-redisenar-su-mapa-de-rutas-en-europa\/\" target=\"_blank\" rel=\"noreferrer noopener\">Ryanair<\/a>,&nbsp;<strong><a href=\"https:\/\/aviaciondigital.com\/etiqueta\/michael-oleary-4\/\">Michael O\u2019Leary<\/a><\/strong>,&nbsp;<strong>las debilidades estructurales siguen sin resolverse y podr\u00edan desencadenar una oleada de incidencias<\/strong>&nbsp;cuando aumente el volumen de vuelos.<\/p>\n\n\n\n<p>Las rutas que atraviesan Francia y Espa\u00f1a se sit\u00faan entre las m\u00e1s sensibles, ya que canalizan buena parte del tr\u00e1fico continental.<\/p>\n\n\n\n<p>Cualquier limitaci\u00f3n en estos espacios a\u00e9reos tiene un efecto domin\u00f3 inmediato sobre el resto de la red, afectando incluso a vuelos que no tienen origen ni destino en esos pa\u00edses.&nbsp;<strong>La congesti\u00f3n, unida a la escasez de controladores disponibles, convierte cualquier incidencia puntual en un problema de alcance europeo.<\/strong><\/p>\n\n\n\n<p>Ryanair subraya que estas disfunciones no son nuevas. Durante los \u00faltimos veranos,\u00a0<strong>las huelgas, la falta de personal y los retrasos acumulados<\/strong>\u00a0han sido una constante, pese a que la industria ya hab\u00eda advertido del riesgo de colapso si no se actuaba con antelaci\u00f3n.<\/p>\n\n\n\n<figure class=\"wp-block-image size-full\"><img loading=\"lazy\" decoding=\"async\" width=\"900\" height=\"507\" src=\"https:\/\/aeronoticias.com.pe\/noticiero\/wp-content\/uploads\/2026\/01\/image-8.png\" alt=\"\" class=\"wp-image-97751\" srcset=\"https:\/\/aeronoticias.com.pe\/noticiero\/wp-content\/uploads\/2026\/01\/image-8.png 900w, https:\/\/aeronoticias.com.pe\/noticiero\/wp-content\/uploads\/2026\/01\/image-8-300x169.png 300w, https:\/\/aeronoticias.com.pe\/noticiero\/wp-content\/uploads\/2026\/01\/image-8-768x433.png 768w, https:\/\/aeronoticias.com.pe\/noticiero\/wp-content\/uploads\/2026\/01\/image-8-150x85.png 150w, https:\/\/aeronoticias.com.pe\/noticiero\/wp-content\/uploads\/2026\/01\/image-8-696x392.png 696w\" sizes=\"auto, (max-width: 900px) 100vw, 900px\" \/><\/figure>\n\n\n\n<h2 class=\"wp-block-heading\" id=\"h-un-sistema-tensionado-por-la-falta-de-personal\"><strong>Un sistema tensionado por la falta de personal<\/strong><\/h2>\n\n\n\n<p>Uno de los grandes cuellos de botella sigue siendo la&nbsp;<strong>formaci\u00f3n de controladores a\u00e9reos.<\/strong><\/p>\n\n\n\n<p>Se trata de un proceso largo, que puede extenderse durante varios a\u00f1os, lo que impide responder con rapidez a picos de demanda o a jubilaciones masivas. Tras la pandemia, muchos centros no recuperaron el nivel de plantilla previo, mientras que el tr\u00e1fico a\u00e9reo s\u00ed lo ha hecho, e incluso lo ha superado en algunas rutas.<\/p>\n\n\n\n<p>A esta situaci\u00f3n se suman&nbsp;<strong>las restricciones del espacio a\u00e9reo en el este de Europa<\/strong>, que han obligado a desviar numerosos vuelos hacia corredores alternativos. Este reajuste&nbsp;<strong>ha incrementado la carga de trabajo en zonas ya saturadas<\/strong>, elevando el riesgo de retrasos en cadena durante los meses de mayor actividad.<\/p>\n\n\n\n<p>Los datos del sector confirman esta tendencia.&nbsp;<strong>Las limitaciones de personal se han consolidado como una de las principales causas de demoras en Europa<\/strong>, por delante incluso de la meteorolog\u00eda o de los problemas t\u00e9cnicos en aeropuertos. En un sistema tan interconectado, el rendimiento del conjunto depende del eslab\u00f3n m\u00e1s d\u00e9bil.<\/p>\n\n\n\n<h2 class=\"wp-block-heading\" id=\"h-criticas-a-la-falta-de-reformas-estructurales\"><strong>Cr\u00edticas a la falta de reformas estructurales<\/strong><\/h2>\n\n\n\n<p>Desde Ryanair se insiste en que el problema no es coyuntural, sino estructural. La aerol\u00ednea considera que la planificaci\u00f3n de recursos humanos y la gesti\u00f3n del tr\u00e1fico a\u00e9reo en Europa<strong>&nbsp;carecen de la flexibilidad necesaria para adaptarse a picos estacionales.<\/strong><\/p>\n\n\n\n<p>A su juicio,&nbsp;<strong>la falta de incentivos y de mecanismos de rendici\u00f3n de cuentas&nbsp;<\/strong>ha perpetuado un modelo ineficiente.<\/p>\n\n\n\n<p>La compa\u00f1\u00eda tambi\u00e9n ha reclamado una&nbsp;<strong>mayor armonizaci\u00f3n de los est\u00e1ndares operativos entre pa\u00edses y una supervisi\u00f3n m\u00e1s estricta de los proveedores&nbsp;<\/strong>de navegaci\u00f3n a\u00e9rea.<\/p>\n\n\n\n<p>En su opini\u00f3n, mientras las aerol\u00edneas est\u00e1n sujetas a exigentes controles de puntualidad y capacidad, los servicios de control no asumen un nivel de responsabilidad equivalente cuando se producen interrupciones masivas.<\/p>\n\n\n\n<p>Este desequilibrio, seg\u00fan O\u2019Leary, explica por qu\u00e9 los retrasos se repiten a\u00f1o tras a\u00f1o sin que se adopten medidas de fondo. A ello se suma&nbsp;<strong>la lentitud en la implantaci\u00f3n del proyecto de Cielo \u00danico Europeo<\/strong>, concebido precisamente para optimizar la gesti\u00f3n del espacio a\u00e9reo y reducir la fragmentaci\u00f3n actual.<\/p>\n\n\n\n<h2 class=\"wp-block-heading\" id=\"h-un-verano-que-puede-poner-a-prueba-al-sector\"><strong>Un verano que puede poner a prueba al sector<\/strong><\/h2>\n\n\n\n<p>La advertencia de Ryanair no es algo aislado. Otras aerol\u00edneas y asociaciones del sector comparten la preocupaci\u00f3n por la capacidad del sistema para absorber el aumento previsto de pasajeros.<\/p>\n\n\n\n<p>La demanda sigue al alza, impulsada por la recuperaci\u00f3n del turismo internacional y el crecimiento del tr\u00e1fico de ocio, especialmente en el sur de Europa.<\/p>\n\n\n\n<p><strong>Fuente: aviaciondigital.com<\/strong><\/p>\n","protected":false},"excerpt":{"rendered":"<p>(Aeronoticias): La temporada alta de viajes de 2026 amenaza con convertirse en una de las m\u00e1s complicadas de los \u00faltimos a\u00f1os.&nbsp;As\u00ed lo ha advertido&nbsp;Ryanair,&nbsp;que ha encendido todas las alarmas al anticipar un verano marcado por retrasos, cancelaciones y una fuerte tensi\u00f3n operativa en los cielos europeos. La aerol\u00ednea irlandesa apunta directamente a los&nbsp;problemas estructurales&nbsp;del control [&hellip;]<\/p>\n","protected":false},"author":3,"featured_media":97752,"comment_status":"closed","ping_status":"closed","sticky":false,"template":"","format":"standard","meta":{"tdm_status":"","tdm_grid_status":"","footnotes":""},"categories":[32,34],"tags":[6754,5163,6755,177],"class_list":{"0":"post-97750","1":"post","2":"type-post","3":"status-publish","4":"format-standard","5":"has-post-thumbnail","7":"category-internacional","8":"category-internacionales","9":"tag-caos-en-vuelos-de-verano","10":"tag-control-de-trafico-aereo","11":"tag-reformas-estructurales","12":"tag-ryanair"},"yoast_head":"<!-- This site is optimized with the Yoast SEO plugin v25.1 - https:\/\/yoast.com\/wordpress\/plugins\/seo\/ -->\n<title>Ryanair lanza la bomba: habr\u00e1 caos de vuelos este verano y estas son las razones<\/title>\n<meta name=\"description\" content=\"Si no se adoptan cambios profundos, el verano de 2026 podr\u00eda convertirse en un nuevo punto de inflexi\u00f3n, evidenciando los l\u00edmites del sistema y reforzando la presi\u00f3n para acelerar reformas largamente postergadas.\" \/>\n<meta name=\"robots\" content=\"index, follow, max-snippet:-1, max-image-preview:large, max-video-preview:-1\" \/>\n<link rel=\"canonical\" href=\"https:\/\/aeronoticias.com.pe\/noticiero\/internacionales\/ryanair-lanza-la-bomba-habra-caos-de-vuelos-este-verano-y-estas-son-las-razones\/\" \/>\n<meta property=\"og:locale\" content=\"es_ES\" \/>\n<meta property=\"og:type\" content=\"article\" \/>\n<meta property=\"og:title\" content=\"Ryanair lanza la bomba: habr\u00e1 caos de vuelos este verano y estas son las razones\" \/>\n<meta property=\"og:description\" content=\"Si no se adoptan cambios profundos, el verano de 2026 podr\u00eda convertirse en un nuevo punto de inflexi\u00f3n, evidenciando los l\u00edmites del sistema y reforzando la presi\u00f3n para acelerar reformas largamente postergadas.\" \/>\n<meta property=\"og:url\" content=\"https:\/\/aeronoticias.com.pe\/noticiero\/internacionales\/ryanair-lanza-la-bomba-habra-caos-de-vuelos-este-verano-y-estas-son-las-razones\/\" \/>\n<meta property=\"og:site_name\" content=\"Aeronoticias.com.pe\" \/>\n<meta property=\"article:publisher\" content=\"https:\/\/www.facebook.com\/Aeronoticias.com.pe\/\" \/>\n<meta property=\"article:published_time\" content=\"2026-01-27T17:34:28+00:00\" \/>\n<meta property=\"article:modified_time\" content=\"2026-01-27T17:34:31+00:00\" \/>\n<meta property=\"og:image\" content=\"https:\/\/aeronoticias.com.pe\/noticiero\/wp-content\/uploads\/2026\/01\/sillas.jpg\" \/>\n\t<meta property=\"og:image:width\" content=\"800\" \/>\n\t<meta property=\"og:image:height\" content=\"533\" \/>\n\t<meta property=\"og:image:type\" content=\"image\/jpeg\" \/>\n<meta name=\"author\" content=\"Redacci\u00f3n\" \/>\n<meta name=\"twitter:card\" content=\"summary_large_image\" \/>\n<meta name=\"twitter:creator\" content=\"@aeronoticias\" \/>\n<meta name=\"twitter:site\" content=\"@aeronoticias\" \/>\n<meta name=\"twitter:label1\" content=\"Escrito por\" \/>\n\t<meta name=\"twitter:data1\" content=\"Redacci\u00f3n\" \/>\n\t<meta name=\"twitter:label2\" content=\"Tiempo de lectura\" \/>\n\t<meta name=\"twitter:data2\" content=\"4 minutos\" \/>\n<script type=\"application\/ld+json\" class=\"yoast-schema-graph\">{\"@context\":\"https:\/\/schema.org\",\"@graph\":[{\"@type\":\"WebPage\",\"@id\":\"https:\/\/aeronoticias.com.pe\/noticiero\/internacionales\/ryanair-lanza-la-bomba-habra-caos-de-vuelos-este-verano-y-estas-son-las-razones\/\",\"url\":\"https:\/\/aeronoticias.com.pe\/noticiero\/internacionales\/ryanair-lanza-la-bomba-habra-caos-de-vuelos-este-verano-y-estas-son-las-razones\/\",\"name\":\"Ryanair lanza la bomba: habr\u00e1 caos de vuelos este verano y estas son las razones\",\"isPartOf\":{\"@id\":\"https:\/\/aeronoticias.com.pe\/noticiero\/#website\"},\"primaryImageOfPage\":{\"@id\":\"https:\/\/aeronoticias.com.pe\/noticiero\/internacionales\/ryanair-lanza-la-bomba-habra-caos-de-vuelos-este-verano-y-estas-son-las-razones\/#primaryimage\"},\"image\":{\"@id\":\"https:\/\/aeronoticias.com.pe\/noticiero\/internacionales\/ryanair-lanza-la-bomba-habra-caos-de-vuelos-este-verano-y-estas-son-las-razones\/#primaryimage\"},\"thumbnailUrl\":\"https:\/\/aeronoticias.com.pe\/noticiero\/wp-content\/uploads\/2026\/01\/sillas.jpg\",\"datePublished\":\"2026-01-27T17:34:28+00:00\",\"dateModified\":\"2026-01-27T17:34:31+00:00\",\"author\":{\"@id\":\"https:\/\/aeronoticias.com.pe\/noticiero\/#\/schema\/person\/16212a617c73f78916b13194154243bd\"},\"description\":\"Si no se adoptan cambios profundos, el verano de 2026 podr\u00eda convertirse en un nuevo punto de inflexi\u00f3n, evidenciando los l\u00edmites del sistema y reforzando la presi\u00f3n para acelerar reformas largamente postergadas.\",\"breadcrumb\":{\"@id\":\"https:\/\/aeronoticias.com.pe\/noticiero\/internacionales\/ryanair-lanza-la-bomba-habra-caos-de-vuelos-este-verano-y-estas-son-las-razones\/#breadcrumb\"},\"inLanguage\":\"es\",\"potentialAction\":[{\"@type\":\"ReadAction\",\"target\":[\"https:\/\/aeronoticias.com.pe\/noticiero\/internacionales\/ryanair-lanza-la-bomba-habra-caos-de-vuelos-este-verano-y-estas-son-las-razones\/\"]}]},{\"@type\":\"ImageObject\",\"inLanguage\":\"es\",\"@id\":\"https:\/\/aeronoticias.com.pe\/noticiero\/internacionales\/ryanair-lanza-la-bomba-habra-caos-de-vuelos-este-verano-y-estas-son-las-razones\/#primaryimage\",\"url\":\"https:\/\/aeronoticias.com.pe\/noticiero\/wp-content\/uploads\/2026\/01\/sillas.jpg\",\"contentUrl\":\"https:\/\/aeronoticias.com.pe\/noticiero\/wp-content\/uploads\/2026\/01\/sillas.jpg\",\"width\":800,\"height\":533},{\"@type\":\"BreadcrumbList\",\"@id\":\"https:\/\/aeronoticias.com.pe\/noticiero\/internacionales\/ryanair-lanza-la-bomba-habra-caos-de-vuelos-este-verano-y-estas-son-las-razones\/#breadcrumb\",\"itemListElement\":[{\"@type\":\"ListItem\",\"position\":1,\"name\":\"Portada\",\"item\":\"https:\/\/aeronoticias.com.pe\/noticiero\/\"},{\"@type\":\"ListItem\",\"position\":2,\"name\":\"Ryanair lanza la bomba: habr\u00e1 caos de vuelos este verano y estas son las razones\"}]},{\"@type\":\"WebSite\",\"@id\":\"https:\/\/aeronoticias.com.pe\/noticiero\/#website\",\"url\":\"https:\/\/aeronoticias.com.pe\/noticiero\/\",\"name\":\"Aeronoticias.com.pe\",\"description\":\"Noticias de tranporte aereo, turismo, hoteles, gastronomia, actualidad, internacional\",\"potentialAction\":[{\"@type\":\"SearchAction\",\"target\":{\"@type\":\"EntryPoint\",\"urlTemplate\":\"https:\/\/aeronoticias.com.pe\/noticiero\/?s={search_term_string}\"},\"query-input\":{\"@type\":\"PropertyValueSpecification\",\"valueRequired\":true,\"valueName\":\"search_term_string\"}}],\"inLanguage\":\"es\"},{\"@type\":\"Person\",\"@id\":\"https:\/\/aeronoticias.com.pe\/noticiero\/#\/schema\/person\/16212a617c73f78916b13194154243bd\",\"name\":\"Redacci\u00f3n\",\"sameAs\":[\"http:\/\/Redacci\u00f3n\"],\"url\":\"https:\/\/aeronoticias.com.pe\/noticiero\/author\/celeste\/\"}]}<\/script>\n<!-- \/ Yoast SEO plugin. -->","yoast_head_json":{"title":"Ryanair lanza la bomba: habr\u00e1 caos de vuelos este verano y estas son las razones","description":"Si no se adoptan cambios profundos, el verano de 2026 podr\u00eda convertirse en un nuevo punto de inflexi\u00f3n, evidenciando los l\u00edmites del sistema y reforzando la presi\u00f3n para acelerar reformas largamente postergadas.","robots":{"index":"index","follow":"follow","max-snippet":"max-snippet:-1","max-image-preview":"max-image-preview:large","max-video-preview":"max-video-preview:-1"},"canonical":"https:\/\/aeronoticias.com.pe\/noticiero\/internacionales\/ryanair-lanza-la-bomba-habra-caos-de-vuelos-este-verano-y-estas-son-las-razones\/","og_locale":"es_ES","og_type":"article","og_title":"Ryanair lanza la bomba: habr\u00e1 caos de vuelos este verano y estas son las razones","og_description":"Si no se adoptan cambios profundos, el verano de 2026 podr\u00eda convertirse en un nuevo punto de inflexi\u00f3n, evidenciando los l\u00edmites del sistema y reforzando la presi\u00f3n para acelerar reformas largamente postergadas.","og_url":"https:\/\/aeronoticias.com.pe\/noticiero\/internacionales\/ryanair-lanza-la-bomba-habra-caos-de-vuelos-este-verano-y-estas-son-las-razones\/","og_site_name":"Aeronoticias.com.pe","article_publisher":"https:\/\/www.facebook.com\/Aeronoticias.com.pe\/","article_published_time":"2026-01-27T17:34:28+00:00","article_modified_time":"2026-01-27T17:34:31+00:00","og_image":[{"width":800,"height":533,"url":"https:\/\/aeronoticias.com.pe\/noticiero\/wp-content\/uploads\/2026\/01\/sillas.jpg","type":"image\/jpeg"}],"author":"Redacci\u00f3n","twitter_card":"summary_large_image","twitter_creator":"@aeronoticias","twitter_site":"@aeronoticias","twitter_misc":{"Escrito por":"Redacci\u00f3n","Tiempo de lectura":"4 minutos"},"schema":{"@context":"https:\/\/schema.org","@graph":[{"@type":"WebPage","@id":"https:\/\/aeronoticias.com.pe\/noticiero\/internacionales\/ryanair-lanza-la-bomba-habra-caos-de-vuelos-este-verano-y-estas-son-las-razones\/","url":"https:\/\/aeronoticias.com.pe\/noticiero\/internacionales\/ryanair-lanza-la-bomba-habra-caos-de-vuelos-este-verano-y-estas-son-las-razones\/","name":"Ryanair lanza la bomba: habr\u00e1 caos de vuelos este verano y estas son las razones","isPartOf":{"@id":"https:\/\/aeronoticias.com.pe\/noticiero\/#website"},"primaryImageOfPage":{"@id":"https:\/\/aeronoticias.com.pe\/noticiero\/internacionales\/ryanair-lanza-la-bomba-habra-caos-de-vuelos-este-verano-y-estas-son-las-razones\/#primaryimage"},"image":{"@id":"https:\/\/aeronoticias.com.pe\/noticiero\/internacionales\/ryanair-lanza-la-bomba-habra-caos-de-vuelos-este-verano-y-estas-son-las-razones\/#primaryimage"},"thumbnailUrl":"https:\/\/aeronoticias.com.pe\/noticiero\/wp-content\/uploads\/2026\/01\/sillas.jpg","datePublished":"2026-01-27T17:34:28+00:00","dateModified":"2026-01-27T17:34:31+00:00","author":{"@id":"https:\/\/aeronoticias.com.pe\/noticiero\/#\/schema\/person\/16212a617c73f78916b13194154243bd"},"description":"Si no se adoptan cambios profundos, el verano de 2026 podr\u00eda convertirse en un nuevo punto de inflexi\u00f3n, evidenciando los l\u00edmites del sistema y reforzando la presi\u00f3n para acelerar reformas largamente postergadas.","breadcrumb":{"@id":"https:\/\/aeronoticias.com.pe\/noticiero\/internacionales\/ryanair-lanza-la-bomba-habra-caos-de-vuelos-este-verano-y-estas-son-las-razones\/#breadcrumb"},"inLanguage":"es","potentialAction":[{"@type":"ReadAction","target":["https:\/\/aeronoticias.com.pe\/noticiero\/internacionales\/ryanair-lanza-la-bomba-habra-caos-de-vuelos-este-verano-y-estas-son-las-razones\/"]}]},{"@type":"ImageObject","inLanguage":"es","@id":"https:\/\/aeronoticias.com.pe\/noticiero\/internacionales\/ryanair-lanza-la-bomba-habra-caos-de-vuelos-este-verano-y-estas-son-las-razones\/#primaryimage","url":"https:\/\/aeronoticias.com.pe\/noticiero\/wp-content\/uploads\/2026\/01\/sillas.jpg","contentUrl":"https:\/\/aeronoticias.com.pe\/noticiero\/wp-content\/uploads\/2026\/01\/sillas.jpg","width":800,"height":533},{"@type":"BreadcrumbList","@id":"https:\/\/aeronoticias.com.pe\/noticiero\/internacionales\/ryanair-lanza-la-bomba-habra-caos-de-vuelos-este-verano-y-estas-son-las-razones\/#breadcrumb","itemListElement":[{"@type":"ListItem","position":1,"name":"Portada","item":"https:\/\/aeronoticias.com.pe\/noticiero\/"},{"@type":"ListItem","position":2,"name":"Ryanair lanza la bomba: habr\u00e1 caos de vuelos este verano y estas son las razones"}]},{"@type":"WebSite","@id":"https:\/\/aeronoticias.com.pe\/noticiero\/#website","url":"https:\/\/aeronoticias.com.pe\/noticiero\/","name":"Aeronoticias.com.pe","description":"Noticias de tranporte aereo, turismo, hoteles, gastronomia, actualidad, internacional","potentialAction":[{"@type":"SearchAction","target":{"@type":"EntryPoint","urlTemplate":"https:\/\/aeronoticias.com.pe\/noticiero\/?s={search_term_string}"},"query-input":{"@type":"PropertyValueSpecification","valueRequired":true,"valueName":"search_term_string"}}],"inLanguage":"es"},{"@type":"Person","@id":"https:\/\/aeronoticias.com.pe\/noticiero\/#\/schema\/person\/16212a617c73f78916b13194154243bd","name":"Redacci\u00f3n","sameAs":["http:\/\/Redacci\u00f3n"],"url":"https:\/\/aeronoticias.com.pe\/noticiero\/author\/celeste\/"}]}},"_links":{"self":[{"href":"https:\/\/aeronoticias.com.pe\/noticiero\/wp-json\/wp\/v2\/posts\/97750","targetHints":{"allow":["GET"]}}],"collection":[{"href":"https:\/\/aeronoticias.com.pe\/noticiero\/wp-json\/wp\/v2\/posts"}],"about":[{"href":"https:\/\/aeronoticias.com.pe\/noticiero\/wp-json\/wp\/v2\/types\/post"}],"author":[{"embeddable":true,"href":"https:\/\/aeronoticias.com.pe\/noticiero\/wp-json\/wp\/v2\/users\/3"}],"replies":[{"embeddable":true,"href":"https:\/\/aeronoticias.com.pe\/noticiero\/wp-json\/wp\/v2\/comments?post=97750"}],"version-history":[{"count":1,"href":"https:\/\/aeronoticias.com.pe\/noticiero\/wp-json\/wp\/v2\/posts\/97750\/revisions"}],"predecessor-version":[{"id":97753,"href":"https:\/\/aeronoticias.com.pe\/noticiero\/wp-json\/wp\/v2\/posts\/97750\/revisions\/97753"}],"wp:featuredmedia":[{"embeddable":true,"href":"https:\/\/aeronoticias.com.pe\/noticiero\/wp-json\/wp\/v2\/media\/97752"}],"wp:attachment":[{"href":"https:\/\/aeronoticias.com.pe\/noticiero\/wp-json\/wp\/v2\/media?parent=97750"}],"wp:term":[{"taxonomy":"category","embeddable":true,"href":"https:\/\/aeronoticias.com.pe\/noticiero\/wp-json\/wp\/v2\/categories?post=97750"},{"taxonomy":"post_tag","embeddable":true,"href":"https:\/\/aeronoticias.com.pe\/noticiero\/wp-json\/wp\/v2\/tags?post=97750"}],"curies":[{"name":"wp","href":"https:\/\/api.w.org\/{rel}","templated":true}]}}