{"id":97762,"date":"2026-01-29T11:53:34","date_gmt":"2026-01-29T16:53:34","guid":{"rendered":"https:\/\/aeronoticias.com.pe\/noticiero\/?p=97762"},"modified":"2026-01-29T11:54:40","modified_gmt":"2026-01-29T16:54:40","slug":"ups-culmina-la-retirada-adelantada-de-sus-md-11-y-reconfigura-su-flota-de-largo-radio","status":"publish","type":"post","link":"https:\/\/aeronoticias.com.pe\/noticiero\/transporte-aereo\/ups-culmina-la-retirada-adelantada-de-sus-md-11-y-reconfigura-su-flota-de-largo-radio\/","title":{"rendered":"UPS culmina la retirada adelantada de sus MD-11 y reconfigura su flota de largo radio"},"content":{"rendered":"\n<p><strong>(Aeronoticias)<\/strong>: <strong>Aviaci\u00f3n Digital, Sp.-<\/strong>&nbsp;<em>Algunos de los aviones de carga m\u00e1s emblem\u00e1ticos del sector est\u00e1n desapareciendo del inventario de las grandes integradoras, y el&nbsp;<a href=\"https:\/\/aviaciondigital.com\/confirmacion-accidente-ups-louisville-4-noviembre-2025\/\" target=\"_blank\" rel=\"noreferrer noopener\"><strong>MD-11 de UPS<\/strong><\/a>&nbsp;se ha convertido en el \u00faltimo ejemplo de c\u00f3mo la presi\u00f3n econ\u00f3mica, regulatoria y de seguridad \u2014acelerada adem\u00e1s por el&nbsp;<a href=\"https:\/\/aviaciondigital.com\/confirmacion-accidente-ups-louisville-4-noviembre-2025\/\" target=\"_blank\" rel=\"noreferrer noopener\"><strong>accidente que sufri\u00f3 un MD-11 en Louisville el 4 de noviembre de 2025<\/strong><\/a>\u2014 precipita decisiones de flota que hace una d\u00e9cada se ve\u00edan a m\u00e1s largo plazo.<\/em><\/p>\n\n\n\n<p>Con la presentaci\u00f3n de los resultados del cuarto trimestre de 2025, UPS ha certificado oficialmente el cierre de la era MD-11 en su red, con implicaciones directas sobre la capacidad, configuraci\u00f3n de la red y estructura de costes.<\/p>\n\n\n\n<h2 class=\"wp-block-heading\" id=\"h-confirmacion-oficial-en-el-4t-2025-fin-de-la-flota-md-11\"><strong>Confirmaci\u00f3n oficial en el 4T 2025: fin de la flota MD-11<\/strong><\/h2>\n\n\n\n<p>En su comunicado de resultados del cuarto trimestre de 2025, UPS especifica que ha acelerado sus planes de modernizaci\u00f3n de flota, completando la retirada de todos sus MD-11 durante dicho periodo. Esta decisi\u00f3n se acompa\u00f1a de un cargo no monetario, despu\u00e9s de impuestos, de aproximadamente 137 millones de d\u00f3lares vinculado a la baja contable de estos aviones, integrado en los resultados GAAP del ejercicio.<\/p>\n\n\n\n<p>En la documentaci\u00f3n del 4T 2025 y en la presentaci\u00f3n a analistas, la compa\u00f1\u00eda detalla que los MD-11 fueron&nbsp;<strong>proactivamente<\/strong>&nbsp;retirados de operaci\u00f3n y sustituidos por ajustes de red, reposicionamiento de otros aviones, mayor utilizaci\u00f3n del transporte terrestre y capacidad adicional a trav\u00e9s de aeronaves arrendadas durante la temporada de m\u00e1xima demanda. Esta gesti\u00f3n de transici\u00f3n durante el pico estacional ha servido de \u201cstress test\u201d operativo que UPS cita como argumento para acelerar la retirada en lugar de mantener estos equipos en reserva.<\/p>\n\n\n\n<h2 class=\"wp-block-heading\" id=\"h-de-tri-reactor-iconico-a-activo-economicamente-ineficiente\"><strong>De tri-reactor ic\u00f3nico a activo econ\u00f3micamente ineficiente<\/strong><\/h2>\n\n\n\n<p>El MD-11F ha sido durante d\u00e9cadas uno de los pilares del largo radio de carga, pero la ecuaci\u00f3n t\u00e9cnica y econ\u00f3mica ha cambiado radicalmente frente a los bimotores de nueva generaci\u00f3n. Aunque el comunicado de resultados no entra en detalles de rendimiento por modelo, la propia UPS en comunicaciones anteriores hab\u00eda vinculado la salida gradual de los MD-11 a la entrada de\u00a0<strong>Boeing 767-300F<\/strong>\u00a0y otros bimotores m\u00e1s eficientes en consumo, mantenimiento y fiabilidad, alineados con la normativa medioambiental y las expectativas de los clientes en cuanto a huella de carbono.<\/p>\n\n\n\n<figure class=\"wp-block-image size-full\"><img loading=\"lazy\" decoding=\"async\" width=\"750\" height=\"500\" src=\"https:\/\/aeronoticias.com.pe\/noticiero\/wp-content\/uploads\/2026\/01\/image-10.png\" alt=\"\" class=\"wp-image-97763\" srcset=\"https:\/\/aeronoticias.com.pe\/noticiero\/wp-content\/uploads\/2026\/01\/image-10.png 750w, https:\/\/aeronoticias.com.pe\/noticiero\/wp-content\/uploads\/2026\/01\/image-10-300x200.png 300w, https:\/\/aeronoticias.com.pe\/noticiero\/wp-content\/uploads\/2026\/01\/image-10-150x100.png 150w, https:\/\/aeronoticias.com.pe\/noticiero\/wp-content\/uploads\/2026\/01\/image-10-696x464.png 696w\" sizes=\"auto, (max-width: 750px) 100vw, 750px\" \/><\/figure>\n\n\n\n<p>Desde el punto de vista operativo, el&nbsp;<strong>tri-reactor<\/strong>&nbsp;implica mayores costes por ciclo, complejidad en mantenimiento y una penalizaci\u00f3n en emisiones frente a bimotores ETOPS certificados que ofrecen rangos y cargas \u00fatiles suficientes para la mayor\u00eda de las rutas de integradoras. La modernizaci\u00f3n hacia flotas m\u00e1s homog\u00e9neas, concentradas en familias como 767F y 777F en el segmento de fuselaje ancho, encaja con la estrategia de reducci\u00f3n de costes estructurales y simplificaci\u00f3n log\u00edstica que UPS viene comunicando a los inversores.<\/p>\n\n\n\n<h2 class=\"wp-block-heading\" id=\"h-impacto-financiero-y-contable-de-la-decision\"><strong>Impacto financiero y contable de la decisi\u00f3n<\/strong><\/h2>\n\n\n\n<p>En el&nbsp;<strong>4T 2025<\/strong>,&nbsp;<strong>UPS reporta unos ingresos consolidados de 24,5 mil millones de d\u00f3lares y un margen operativo ajustado del 11,8%, por encima de sus propias expectativas<\/strong>, pese al impacto de la retirada acelerada de la flota MD-11. Dentro de las partidas singulares, la compa\u00f1\u00eda detalla un cargo total de 238 millones de d\u00f3lares, de los cuales 137 millones corresponden espec\u00edficamente a la baja de los MD-11, y el resto se relaciona con otros costes de transformaci\u00f3n y reconfiguraci\u00f3n de red.<\/p>\n\n\n\n<p>Este enfoque refuerza un mensaje cl\u00e1sico hacia el mercado: absorber en un periodo acotado el impacto contable de decisiones de flota para \u201climpiar\u201d el balance y ganar flexibilidad estrat\u00e9gica en los a\u00f1os siguientes. De hecho, en su gu\u00eda para 2026, UPS proyecta crecimiento del beneficio operativo en la segunda mitad del a\u00f1o una vez completadas las principales acciones estrat\u00e9gicas, incluyendo la transici\u00f3n de flota y los costes asociados a arrendamientos temporales y programas de salida voluntaria en otras \u00e1reas del negocio.<\/p>\n\n\n\n<h2 class=\"wp-block-heading\" id=\"h-reconfiguracion-de-la-red-aerea-y-sustitucion-de-capacidad\"><strong>Reconfiguraci\u00f3n de la red a\u00e9rea y sustituci\u00f3n de capacidad<\/strong><\/h2>\n\n\n\n<p>La retirada de la flota&nbsp;<strong>MD-11 de UPS \u201426\u201327<\/strong>&nbsp;unidades seg\u00fan las cifras mencionadas en documentaci\u00f3n financiera y comunicaciones corporativas\u2014 representaba alrededor de un d\u00edgito bajo del inventario total de aeronaves, pero concentrado en misiones de largo radio y alto volumen. Para absorber esta capacidad, la compa\u00f1\u00eda ha combinado tres palancas principales:&nbsp;<strong>incremento de utilizaci\u00f3n de otros widebodies propios, incorporaci\u00f3n de bimotores m\u00e1s eficientes (sobre todo 767F) y mayor uso del transporte terrestre en segmentos donde la elasticidad de tiempo de tr\u00e1nsito lo permite.<\/strong><\/p>\n\n\n\n<p>Esta reconfiguraci\u00f3n implica un redise\u00f1o fino de la malla de hubs y rutas nocturnas, especialmente en el eje transatl\u00e1ntico y en algunos pares intercontinentales donde el MD-11 era hist\u00f3ricamente la plataforma preferente. En t\u00e9rminos de planificaci\u00f3n de flota, el movimiento refuerza la tendencia a redes m\u00e1s din\u00e1micas y multimodales, en las que la capacidad a\u00e9rea se reserva para tramos de m\u00e1xima criticidad temporal, mientras el resto se deriva a alternativas de menor coste unitario pero tiempos de tr\u00e1nsito algo m\u00e1s amplios.<\/p>\n\n\n\n<h2 class=\"wp-block-heading\" id=\"h-contexto-de-seguridad-percepcion-publica-y-prudencia-regulatoria\"><em><strong>Contexto de seguridad, percepci\u00f3n p\u00fablica y prudencia regulatoria<\/strong><\/em><\/h2>\n\n\n\n<p>Aunque el comunicado de resultados del 4T 2025 se centra en datos financieros y de flota, la retirada acelerada de los MD-11 se produce poco despu\u00e9s del accidente mortal del vuelo 2976 cerca de Louisville el 4 de noviembre de 2025, a\u00fan bajo investigaci\u00f3n de la Junta Nacional de Seguridad en el Transporte (NTSB). UPS recuerda en sus comunicaciones el compromiso con la seguridad y la colaboraci\u00f3n con las autoridades investigadoras, manteniendo la prudencia habitual al no adelantar conclusiones antes del informe final.<\/p>\n\n\n\n<p>Desde una \u00f3ptica de gesti\u00f3n de riesgo corporativo, la decisi\u00f3n de no reactivar el tipo tras el siniestro y proceder a su baja definitiva reduce la complejidad para la gesti\u00f3n de la seguridad operacional, la formaci\u00f3n de tripulaciones y el seguimiento de directivas de aeronavegabilidad espec\u00edficas de un modelo con un historial de operaci\u00f3n exigente en el entorno de carga. Esta simplificaci\u00f3n de flota tambi\u00e9n facilita una alineaci\u00f3n m\u00e1s directa con la futura normativa medioambiental y de ruido, particularmente relevante en aeropuertos con restricciones operativas nocturnas.<\/p>\n\n\n\n<p><strong>Fuente: aviaciondigital.com<\/strong><\/p>\n","protected":false},"excerpt":{"rendered":"<p>(Aeronoticias): Aviaci\u00f3n Digital, Sp.-&nbsp;Algunos de los aviones de carga m\u00e1s emblem\u00e1ticos del sector est\u00e1n desapareciendo del inventario de las grandes integradoras, y el&nbsp;MD-11 de UPS&nbsp;se ha convertido en el \u00faltimo ejemplo de c\u00f3mo la presi\u00f3n econ\u00f3mica, regulatoria y de seguridad \u2014acelerada adem\u00e1s por el&nbsp;accidente que sufri\u00f3 un MD-11 en Louisville el 4 de noviembre de [&hellip;]<\/p>\n","protected":false},"author":3,"featured_media":97764,"comment_status":"closed","ping_status":"closed","sticky":false,"template":"","format":"standard","meta":{"tdm_status":"","tdm_grid_status":"","footnotes":""},"categories":[32,11],"tags":[6765,6762,6763,6764],"class_list":{"0":"post-97762","1":"post","2":"type-post","3":"status-publish","4":"format-standard","5":"has-post-thumbnail","7":"category-internacional","8":"category-transporte-aereo","9":"tag-contexto-de-seguridad","10":"tag-impacto-financiero","11":"tag-red-aerea","12":"tag-sustitucion-de-capacidad"},"yoast_head":"<!-- This site is optimized with the Yoast SEO plugin v25.1 - https:\/\/yoast.com\/wordpress\/plugins\/seo\/ -->\n<title>UPS culmina la retirada adelantada de sus MD-11 y reconfigura su flota de largo radio<\/title>\n<meta name=\"description\" content=\"La compa\u00f1\u00eda completa en el 4T 2025 la baja contable y operativa de los MD-11, acelera la modernizaci\u00f3n con bimotores m\u00e1s eficientes y asume un cargo no monetario de 137 millones de d\u00f3lares vinculado a la reconfiguraci\u00f3n de su red a\u00e9rea global.\" \/>\n<meta name=\"robots\" content=\"index, follow, max-snippet:-1, max-image-preview:large, max-video-preview:-1\" \/>\n<link rel=\"canonical\" href=\"https:\/\/aeronoticias.com.pe\/noticiero\/transporte-aereo\/ups-culmina-la-retirada-adelantada-de-sus-md-11-y-reconfigura-su-flota-de-largo-radio\/\" \/>\n<meta property=\"og:locale\" content=\"es_ES\" \/>\n<meta property=\"og:type\" content=\"article\" \/>\n<meta property=\"og:title\" content=\"UPS culmina la retirada adelantada de sus MD-11 y reconfigura su flota de largo radio\" \/>\n<meta property=\"og:description\" content=\"La compa\u00f1\u00eda completa en el 4T 2025 la baja contable y operativa de los MD-11, acelera la modernizaci\u00f3n con bimotores m\u00e1s eficientes y asume un cargo no monetario de 137 millones de d\u00f3lares vinculado a la reconfiguraci\u00f3n de su red a\u00e9rea global.\" \/>\n<meta property=\"og:url\" content=\"https:\/\/aeronoticias.com.pe\/noticiero\/transporte-aereo\/ups-culmina-la-retirada-adelantada-de-sus-md-11-y-reconfigura-su-flota-de-largo-radio\/\" \/>\n<meta property=\"og:site_name\" content=\"Aeronoticias.com.pe\" \/>\n<meta property=\"article:publisher\" content=\"https:\/\/www.facebook.com\/Aeronoticias.com.pe\/\" \/>\n<meta property=\"article:published_time\" content=\"2026-01-29T16:53:34+00:00\" \/>\n<meta property=\"article:modified_time\" content=\"2026-01-29T16:54:40+00:00\" \/>\n<meta property=\"og:image\" content=\"https:\/\/aeronoticias.com.pe\/noticiero\/wp-content\/uploads\/2026\/01\/fondo.jpg\" \/>\n\t<meta property=\"og:image:width\" content=\"1048\" \/>\n\t<meta property=\"og:image:height\" content=\"695\" \/>\n\t<meta property=\"og:image:type\" content=\"image\/jpeg\" \/>\n<meta name=\"author\" content=\"Redacci\u00f3n\" \/>\n<meta name=\"twitter:card\" content=\"summary_large_image\" \/>\n<meta name=\"twitter:creator\" content=\"@aeronoticias\" \/>\n<meta name=\"twitter:site\" content=\"@aeronoticias\" \/>\n<meta name=\"twitter:label1\" content=\"Escrito por\" \/>\n\t<meta name=\"twitter:data1\" content=\"Redacci\u00f3n\" \/>\n\t<meta name=\"twitter:label2\" content=\"Tiempo de lectura\" \/>\n\t<meta name=\"twitter:data2\" content=\"5 minutos\" \/>\n<script type=\"application\/ld+json\" class=\"yoast-schema-graph\">{\"@context\":\"https:\/\/schema.org\",\"@graph\":[{\"@type\":\"WebPage\",\"@id\":\"https:\/\/aeronoticias.com.pe\/noticiero\/transporte-aereo\/ups-culmina-la-retirada-adelantada-de-sus-md-11-y-reconfigura-su-flota-de-largo-radio\/\",\"url\":\"https:\/\/aeronoticias.com.pe\/noticiero\/transporte-aereo\/ups-culmina-la-retirada-adelantada-de-sus-md-11-y-reconfigura-su-flota-de-largo-radio\/\",\"name\":\"UPS culmina la retirada adelantada de sus MD-11 y reconfigura su flota de largo radio\",\"isPartOf\":{\"@id\":\"https:\/\/aeronoticias.com.pe\/noticiero\/#website\"},\"primaryImageOfPage\":{\"@id\":\"https:\/\/aeronoticias.com.pe\/noticiero\/transporte-aereo\/ups-culmina-la-retirada-adelantada-de-sus-md-11-y-reconfigura-su-flota-de-largo-radio\/#primaryimage\"},\"image\":{\"@id\":\"https:\/\/aeronoticias.com.pe\/noticiero\/transporte-aereo\/ups-culmina-la-retirada-adelantada-de-sus-md-11-y-reconfigura-su-flota-de-largo-radio\/#primaryimage\"},\"thumbnailUrl\":\"https:\/\/aeronoticias.com.pe\/noticiero\/wp-content\/uploads\/2026\/01\/fondo.jpg\",\"datePublished\":\"2026-01-29T16:53:34+00:00\",\"dateModified\":\"2026-01-29T16:54:40+00:00\",\"author\":{\"@id\":\"https:\/\/aeronoticias.com.pe\/noticiero\/#\/schema\/person\/16212a617c73f78916b13194154243bd\"},\"description\":\"La compa\u00f1\u00eda completa en el 4T 2025 la baja contable y operativa de los MD-11, acelera la modernizaci\u00f3n con bimotores m\u00e1s eficientes y asume un cargo no monetario de 137 millones de d\u00f3lares vinculado a la reconfiguraci\u00f3n de su red a\u00e9rea global.\",\"breadcrumb\":{\"@id\":\"https:\/\/aeronoticias.com.pe\/noticiero\/transporte-aereo\/ups-culmina-la-retirada-adelantada-de-sus-md-11-y-reconfigura-su-flota-de-largo-radio\/#breadcrumb\"},\"inLanguage\":\"es\",\"potentialAction\":[{\"@type\":\"ReadAction\",\"target\":[\"https:\/\/aeronoticias.com.pe\/noticiero\/transporte-aereo\/ups-culmina-la-retirada-adelantada-de-sus-md-11-y-reconfigura-su-flota-de-largo-radio\/\"]}]},{\"@type\":\"ImageObject\",\"inLanguage\":\"es\",\"@id\":\"https:\/\/aeronoticias.com.pe\/noticiero\/transporte-aereo\/ups-culmina-la-retirada-adelantada-de-sus-md-11-y-reconfigura-su-flota-de-largo-radio\/#primaryimage\",\"url\":\"https:\/\/aeronoticias.com.pe\/noticiero\/wp-content\/uploads\/2026\/01\/fondo.jpg\",\"contentUrl\":\"https:\/\/aeronoticias.com.pe\/noticiero\/wp-content\/uploads\/2026\/01\/fondo.jpg\",\"width\":1048,\"height\":695},{\"@type\":\"BreadcrumbList\",\"@id\":\"https:\/\/aeronoticias.com.pe\/noticiero\/transporte-aereo\/ups-culmina-la-retirada-adelantada-de-sus-md-11-y-reconfigura-su-flota-de-largo-radio\/#breadcrumb\",\"itemListElement\":[{\"@type\":\"ListItem\",\"position\":1,\"name\":\"Portada\",\"item\":\"https:\/\/aeronoticias.com.pe\/noticiero\/\"},{\"@type\":\"ListItem\",\"position\":2,\"name\":\"UPS culmina la retirada adelantada de sus MD-11 y reconfigura su flota de largo radio\"}]},{\"@type\":\"WebSite\",\"@id\":\"https:\/\/aeronoticias.com.pe\/noticiero\/#website\",\"url\":\"https:\/\/aeronoticias.com.pe\/noticiero\/\",\"name\":\"Aeronoticias.com.pe\",\"description\":\"Noticias de tranporte aereo, turismo, hoteles, gastronomia, actualidad, internacional\",\"potentialAction\":[{\"@type\":\"SearchAction\",\"target\":{\"@type\":\"EntryPoint\",\"urlTemplate\":\"https:\/\/aeronoticias.com.pe\/noticiero\/?s={search_term_string}\"},\"query-input\":{\"@type\":\"PropertyValueSpecification\",\"valueRequired\":true,\"valueName\":\"search_term_string\"}}],\"inLanguage\":\"es\"},{\"@type\":\"Person\",\"@id\":\"https:\/\/aeronoticias.com.pe\/noticiero\/#\/schema\/person\/16212a617c73f78916b13194154243bd\",\"name\":\"Redacci\u00f3n\",\"sameAs\":[\"http:\/\/Redacci\u00f3n\"],\"url\":\"https:\/\/aeronoticias.com.pe\/noticiero\/author\/celeste\/\"}]}<\/script>\n<!-- \/ Yoast SEO plugin. -->","yoast_head_json":{"title":"UPS culmina la retirada adelantada de sus MD-11 y reconfigura su flota de largo radio","description":"La compa\u00f1\u00eda completa en el 4T 2025 la baja contable y operativa de los MD-11, acelera la modernizaci\u00f3n con bimotores m\u00e1s eficientes y asume un cargo no monetario de 137 millones de d\u00f3lares vinculado a la reconfiguraci\u00f3n de su red a\u00e9rea global.","robots":{"index":"index","follow":"follow","max-snippet":"max-snippet:-1","max-image-preview":"max-image-preview:large","max-video-preview":"max-video-preview:-1"},"canonical":"https:\/\/aeronoticias.com.pe\/noticiero\/transporte-aereo\/ups-culmina-la-retirada-adelantada-de-sus-md-11-y-reconfigura-su-flota-de-largo-radio\/","og_locale":"es_ES","og_type":"article","og_title":"UPS culmina la retirada adelantada de sus MD-11 y reconfigura su flota de largo radio","og_description":"La compa\u00f1\u00eda completa en el 4T 2025 la baja contable y operativa de los MD-11, acelera la modernizaci\u00f3n con bimotores m\u00e1s eficientes y asume un cargo no monetario de 137 millones de d\u00f3lares vinculado a la reconfiguraci\u00f3n de su red a\u00e9rea global.","og_url":"https:\/\/aeronoticias.com.pe\/noticiero\/transporte-aereo\/ups-culmina-la-retirada-adelantada-de-sus-md-11-y-reconfigura-su-flota-de-largo-radio\/","og_site_name":"Aeronoticias.com.pe","article_publisher":"https:\/\/www.facebook.com\/Aeronoticias.com.pe\/","article_published_time":"2026-01-29T16:53:34+00:00","article_modified_time":"2026-01-29T16:54:40+00:00","og_image":[{"width":1048,"height":695,"url":"https:\/\/aeronoticias.com.pe\/noticiero\/wp-content\/uploads\/2026\/01\/fondo.jpg","type":"image\/jpeg"}],"author":"Redacci\u00f3n","twitter_card":"summary_large_image","twitter_creator":"@aeronoticias","twitter_site":"@aeronoticias","twitter_misc":{"Escrito por":"Redacci\u00f3n","Tiempo de lectura":"5 minutos"},"schema":{"@context":"https:\/\/schema.org","@graph":[{"@type":"WebPage","@id":"https:\/\/aeronoticias.com.pe\/noticiero\/transporte-aereo\/ups-culmina-la-retirada-adelantada-de-sus-md-11-y-reconfigura-su-flota-de-largo-radio\/","url":"https:\/\/aeronoticias.com.pe\/noticiero\/transporte-aereo\/ups-culmina-la-retirada-adelantada-de-sus-md-11-y-reconfigura-su-flota-de-largo-radio\/","name":"UPS culmina la retirada adelantada de sus MD-11 y reconfigura su flota de largo radio","isPartOf":{"@id":"https:\/\/aeronoticias.com.pe\/noticiero\/#website"},"primaryImageOfPage":{"@id":"https:\/\/aeronoticias.com.pe\/noticiero\/transporte-aereo\/ups-culmina-la-retirada-adelantada-de-sus-md-11-y-reconfigura-su-flota-de-largo-radio\/#primaryimage"},"image":{"@id":"https:\/\/aeronoticias.com.pe\/noticiero\/transporte-aereo\/ups-culmina-la-retirada-adelantada-de-sus-md-11-y-reconfigura-su-flota-de-largo-radio\/#primaryimage"},"thumbnailUrl":"https:\/\/aeronoticias.com.pe\/noticiero\/wp-content\/uploads\/2026\/01\/fondo.jpg","datePublished":"2026-01-29T16:53:34+00:00","dateModified":"2026-01-29T16:54:40+00:00","author":{"@id":"https:\/\/aeronoticias.com.pe\/noticiero\/#\/schema\/person\/16212a617c73f78916b13194154243bd"},"description":"La compa\u00f1\u00eda completa en el 4T 2025 la baja contable y operativa de los MD-11, acelera la modernizaci\u00f3n con bimotores m\u00e1s eficientes y asume un cargo no monetario de 137 millones de d\u00f3lares vinculado a la reconfiguraci\u00f3n de su red a\u00e9rea global.","breadcrumb":{"@id":"https:\/\/aeronoticias.com.pe\/noticiero\/transporte-aereo\/ups-culmina-la-retirada-adelantada-de-sus-md-11-y-reconfigura-su-flota-de-largo-radio\/#breadcrumb"},"inLanguage":"es","potentialAction":[{"@type":"ReadAction","target":["https:\/\/aeronoticias.com.pe\/noticiero\/transporte-aereo\/ups-culmina-la-retirada-adelantada-de-sus-md-11-y-reconfigura-su-flota-de-largo-radio\/"]}]},{"@type":"ImageObject","inLanguage":"es","@id":"https:\/\/aeronoticias.com.pe\/noticiero\/transporte-aereo\/ups-culmina-la-retirada-adelantada-de-sus-md-11-y-reconfigura-su-flota-de-largo-radio\/#primaryimage","url":"https:\/\/aeronoticias.com.pe\/noticiero\/wp-content\/uploads\/2026\/01\/fondo.jpg","contentUrl":"https:\/\/aeronoticias.com.pe\/noticiero\/wp-content\/uploads\/2026\/01\/fondo.jpg","width":1048,"height":695},{"@type":"BreadcrumbList","@id":"https:\/\/aeronoticias.com.pe\/noticiero\/transporte-aereo\/ups-culmina-la-retirada-adelantada-de-sus-md-11-y-reconfigura-su-flota-de-largo-radio\/#breadcrumb","itemListElement":[{"@type":"ListItem","position":1,"name":"Portada","item":"https:\/\/aeronoticias.com.pe\/noticiero\/"},{"@type":"ListItem","position":2,"name":"UPS culmina la retirada adelantada de sus MD-11 y reconfigura su flota de largo radio"}]},{"@type":"WebSite","@id":"https:\/\/aeronoticias.com.pe\/noticiero\/#website","url":"https:\/\/aeronoticias.com.pe\/noticiero\/","name":"Aeronoticias.com.pe","description":"Noticias de tranporte aereo, turismo, hoteles, gastronomia, actualidad, internacional","potentialAction":[{"@type":"SearchAction","target":{"@type":"EntryPoint","urlTemplate":"https:\/\/aeronoticias.com.pe\/noticiero\/?s={search_term_string}"},"query-input":{"@type":"PropertyValueSpecification","valueRequired":true,"valueName":"search_term_string"}}],"inLanguage":"es"},{"@type":"Person","@id":"https:\/\/aeronoticias.com.pe\/noticiero\/#\/schema\/person\/16212a617c73f78916b13194154243bd","name":"Redacci\u00f3n","sameAs":["http:\/\/Redacci\u00f3n"],"url":"https:\/\/aeronoticias.com.pe\/noticiero\/author\/celeste\/"}]}},"_links":{"self":[{"href":"https:\/\/aeronoticias.com.pe\/noticiero\/wp-json\/wp\/v2\/posts\/97762","targetHints":{"allow":["GET"]}}],"collection":[{"href":"https:\/\/aeronoticias.com.pe\/noticiero\/wp-json\/wp\/v2\/posts"}],"about":[{"href":"https:\/\/aeronoticias.com.pe\/noticiero\/wp-json\/wp\/v2\/types\/post"}],"author":[{"embeddable":true,"href":"https:\/\/aeronoticias.com.pe\/noticiero\/wp-json\/wp\/v2\/users\/3"}],"replies":[{"embeddable":true,"href":"https:\/\/aeronoticias.com.pe\/noticiero\/wp-json\/wp\/v2\/comments?post=97762"}],"version-history":[{"count":1,"href":"https:\/\/aeronoticias.com.pe\/noticiero\/wp-json\/wp\/v2\/posts\/97762\/revisions"}],"predecessor-version":[{"id":97765,"href":"https:\/\/aeronoticias.com.pe\/noticiero\/wp-json\/wp\/v2\/posts\/97762\/revisions\/97765"}],"wp:featuredmedia":[{"embeddable":true,"href":"https:\/\/aeronoticias.com.pe\/noticiero\/wp-json\/wp\/v2\/media\/97764"}],"wp:attachment":[{"href":"https:\/\/aeronoticias.com.pe\/noticiero\/wp-json\/wp\/v2\/media?parent=97762"}],"wp:term":[{"taxonomy":"category","embeddable":true,"href":"https:\/\/aeronoticias.com.pe\/noticiero\/wp-json\/wp\/v2\/categories?post=97762"},{"taxonomy":"post_tag","embeddable":true,"href":"https:\/\/aeronoticias.com.pe\/noticiero\/wp-json\/wp\/v2\/tags?post=97762"}],"curies":[{"name":"wp","href":"https:\/\/api.w.org\/{rel}","templated":true}]}}