{"id":97766,"date":"2026-01-29T12:18:31","date_gmt":"2026-01-29T17:18:31","guid":{"rendered":"https:\/\/aeronoticias.com.pe\/noticiero\/?p=97766"},"modified":"2026-01-29T12:18:36","modified_gmt":"2026-01-29T17:18:36","slug":"iata-alerta-los-5-riesgos-estructurales-que-definiran-el-transporte-aereo-en-2026","status":"publish","type":"post","link":"https:\/\/aeronoticias.com.pe\/noticiero\/transporte-aereo\/internacional\/iata-alerta-los-5-riesgos-estructurales-que-definiran-el-transporte-aereo-en-2026\/","title":{"rendered":"IATA alerta: Los 5 riesgos estructurales que definir\u00e1n el transporte a\u00e9reo en 2026"},"content":{"rendered":"\n<p><strong>(Aeronoticias)<\/strong>: <strong>Aviaci\u00f3n Digital, Sp.-<\/strong>&nbsp;<em>En un sector que acaba de registrar&nbsp;<strong>ganancias netas r\u00e9cord de 39.500 millones de d\u00f3lares en 2025<\/strong>&nbsp;\u2014equivalentes a las de una sola gran petrolera en un buen a\u00f1o\u2014, el transporte a\u00e9reo enfrenta en 2026 un panorama de&nbsp;<strong>m\u00e1rgenes netos proyectados en solo 3,9 %<\/strong>, uno de los m\u00e1s bajos entre industrias globales.<\/em><\/p>\n\n\n\n<p><strong>Marie Owens Thomsen<\/strong>, desde la IATA, advierte que los riesgos ya no son solo c\u00edclicos:&nbsp;<strong>son estructurales y se interconectan, amenazando el crecimiento, la descarbonizaci\u00f3n y la resiliencia operativa de las aerol\u00edneas.<\/strong><\/p>\n\n\n\n<h3 class=\"wp-block-heading\" id=\"h-introduccion-un-ano-de-ganancias-fragiles-en-un-entorno-volatil\"><strong>Introducci\u00f3n: Un a\u00f1o de ganancias fr\u00e1giles en un entorno vol\u00e1til<\/strong><\/h3>\n\n\n\n<p>La industria a\u00e9rea cerr\u00f3 2025 con resultados hist\u00f3ricos, pero el beneficio neto por pasajero se sit\u00faa en apenas\u00a0<strong>7,90 d\u00f3lares<\/strong>\u00a0\u2014menos de lo que genera Apple por una funda de iPhone\u2014. Con un sector que sostiene\u00a0<strong>87 millones de empleos<\/strong>\u00a0y aporta el\u00a0<strong>4 % del PIB mundial<\/strong>, cualquier disrupci\u00f3n amplificada puede erosionar r\u00e1pidamente esa base. Los cinco riesgos identificados por la economista jefe de la IATA exigen una planificaci\u00f3n estrat\u00e9gica inmediata.<\/p>\n\n\n\n<figure class=\"wp-block-image size-full\"><img loading=\"lazy\" decoding=\"async\" width=\"890\" height=\"500\" src=\"https:\/\/aeronoticias.com.pe\/noticiero\/wp-content\/uploads\/2026\/01\/image-11.png\" alt=\"\" class=\"wp-image-97767\" srcset=\"https:\/\/aeronoticias.com.pe\/noticiero\/wp-content\/uploads\/2026\/01\/image-11.png 890w, https:\/\/aeronoticias.com.pe\/noticiero\/wp-content\/uploads\/2026\/01\/image-11-300x169.png 300w, https:\/\/aeronoticias.com.pe\/noticiero\/wp-content\/uploads\/2026\/01\/image-11-768x431.png 768w, https:\/\/aeronoticias.com.pe\/noticiero\/wp-content\/uploads\/2026\/01\/image-11-150x84.png 150w, https:\/\/aeronoticias.com.pe\/noticiero\/wp-content\/uploads\/2026\/01\/image-11-696x391.png 696w\" sizes=\"auto, (max-width: 890px) 100vw, 890px\" \/><\/figure>\n\n\n\n<h3 class=\"wp-block-heading\" id=\"h-fragmentacion-politica-el-fin-de-la-armonizacion-multilateral\"><strong>Fragmentaci\u00f3n pol\u00edtica: El fin de la armonizaci\u00f3n multilateral<\/strong><\/h3>\n\n\n\n<p>La erosi\u00f3n del sistema multilateral posterior a la Segunda Guerra Mundial se manifiesta con mayor crudeza en el comercio y las pol\u00edticas clim\u00e1ticas. Pol\u00edticas de corte&nbsp;<em><strong>\u201cme-first\u201d<\/strong><\/em>&nbsp;ignoran el car\u00e1cter interconectado de las redes a\u00e9reas globales.<\/p>\n\n\n\n<p>La&nbsp;<strong>OACI<\/strong>,<strong>&nbsp;pilar de 80 a\u00f1os de armonizaci\u00f3n t\u00e9cnica y regulatoria, ve amenazada su autoridad por marcos competidores en emisiones de CO\u2082.<\/strong>&nbsp;Impuestos y regulaciones fragmentadas generan&nbsp;<strong>distorsiones competitivas severas<\/strong>, encarecen el transporte a\u00e9reo y recaudan poco para los gobiernos sin un impacto ambiental real.<\/p>\n\n\n\n<p>Con respecto a las distorsiones competitivas, conviene recordar que en el mercado europeo siguen operando aerol\u00edneas de&nbsp;<strong>titularidad estatal o con participaci\u00f3n p\u00fablica mayoritaria<\/strong>, como&nbsp;<strong>ITA Airways (Italia), airBaltic (Letonia), KM Malta Airlines (Malta) o TAP Air Portugal (Portugal)<\/strong>, as\u00ed como otras con participaci\u00f3n significativa del Estado como&nbsp;<strong>Air France-KLM<\/strong>, lo que introduce asimetr\u00edas regulatorias y de apoyo financiero frente a competidores totalmente privados.<\/p>\n\n\n\n<h3 class=\"wp-block-heading\" id=\"h-disrupciones-persistentes-en-la-cadena-de-suministro\"><strong>Disrupciones persistentes en la cadena de suministro<\/strong><\/h3>\n\n\n\n<p>El&nbsp;<strong><a href=\"https:\/\/aviaciondigital.com\/avolon-2026-outlook-escasez-flota-lessors\/\" target=\"_blank\" rel=\"noreferrer noopener\">backlog&nbsp;<\/a><\/strong>de pedidos de aeronaves alcanza niveles r\u00e9cord y el desajuste entre demanda y capacidad productiva no se resolver\u00e1 antes de&nbsp;<strong>2031-2034<\/strong>. Esto limita el crecimiento de capacidad, mantiene factores de carga hist\u00f3ricamente altos \u2014protegiendo rendimientos a corto plazo\u2014 pero bloquea la renovaci\u00f3n de flotas m\u00e1s eficientes en combustible.<\/p>\n\n\n\n<p>La transici\u00f3n hacia&nbsp;<strong>net zero en 2050<\/strong>&nbsp;requiere flotas modernas y combustibles sostenibles de aviaci\u00f3n (<strong>SAF<\/strong>), pero la inestabilidad en suministro de materias primas, clima extremo y falta de pol\u00edticas estables retrasan ambos objetivos.<\/p>\n\n\n\n<p><strong>Por qu\u00e9 es cr\u00edtico<\/strong>: Sin renovaci\u00f3n acelerada, la descarbonizaci\u00f3n se estanca y la eficiencia operativa se resiente en un entorno de demanda creciente.<\/p>\n\n\n\n<h3 class=\"wp-block-heading\" id=\"h-disrupciones-relacionadas-con-el-cambio-climatico\"><strong>Disrupciones relacionadas con el cambio clim\u00e1tico<\/strong><\/h3>\n\n\n\n<p><strong>Eventos clim\u00e1ticos extremos<\/strong>&nbsp;ya afectan infraestructuras aeroportuarias, rutas y operaciones. La inseguridad alimentaria e h\u00eddrica derivada acelera migraciones, tensionando fronteras y flujos de pasajeros internacionales en un contexto pol\u00edtico cada vez m\u00e1s restrictivo hacia la inmigraci\u00f3n.<\/p>\n\n\n\n<p><strong>Por qu\u00e9 es relevante<\/strong>: El transporte a\u00e9reo no solo sufre las disrupciones; tambi\u00e9n ve alterados patrones de demanda a medio plazo por desplazamientos humanos y restricciones pol\u00edticas.<\/p>\n\n\n\n<h3 class=\"wp-block-heading\" id=\"h-ciberamenazas-e-inteligencia-artificial-la-convergencia-de-riesgos\"><strong>Ciberamenazas e inteligencia artificial: La convergencia de riesgos<\/strong><\/h3>\n\n\n\n<p><strong>La frecuencia e impacto de los ciberataques crece, potenciada por la IA que amplifica capacidades de los atacantes<\/strong>. La inestabilidad geopol\u00edtica crea terreno f\u00e9rtil para estos incidentes.<\/p>\n\n\n\n<p><strong>La aviaci\u00f3n, como infraestructura cr\u00edtica altamente digitalizada, es especialmente vulnerable.<\/strong>&nbsp;La IA a\u00f1ade riesgos de&nbsp;<strong>desinformaci\u00f3n masiva, erosi\u00f3n de confianza y disrupciones econ\u00f3micas y laborales.<\/strong><\/p>\n\n\n\n<p><strong>Por qu\u00e9 urge actuar<\/strong>: Un incidente grave en sistemas de control de tr\u00e1fico a\u00e9reo o reservas puede paralizar redes enteras con efectos en cascada global.<\/p>\n\n\n\n<h3 class=\"wp-block-heading\" id=\"h-panorama-macroeconomico-un-dolar-mas-debil-y-petroleo-a-la-baja\"><strong>Panorama macroecon\u00f3mico: Un d\u00f3lar m\u00e1s d\u00e9bil y petr\u00f3leo a la baja<\/strong><\/h3>\n\n\n\n<p>El d\u00f3lar estadounidense tiende a depreciarse en 2026 por debilidad econ\u00f3mica en EE.UU., d\u00e9ficits persistentes y b\u00fasqueda de refugios alternativos. M\u00e1s del&nbsp;<strong>50 % de los costos del sector<\/strong>&nbsp;(combustible, leasing, mantenimiento) se facturan en d\u00f3lares, por lo que un d\u00f3lar d\u00e9bil alivia la presi\u00f3n en monedas locales.<\/p>\n\n\n\n<p>Estructuralmente, la demanda de petr\u00f3leo se desacelera por electrificaci\u00f3n terrestre, mientras la oferta crece, presionando precios a la baja \u2014un alivio para las aerol\u00edneas\u2014. Sin embargo, el entorno macro no es favorable al crecimiento y cualquier error pol\u00edtico puede agravar la desaceleraci\u00f3n.<\/p>\n\n\n\n<p><strong>Por qu\u00e9 es una oportunidad con riesgo<\/strong>: Beneficios potenciales en costos, pero vulnerabilidad ante shocks combinados.<\/p>\n\n\n\n<h3 class=\"wp-block-heading\" id=\"h-conclusion-podra-la-aviacion-liderar-la-transicion-energetica-en-un-mundo-fragmentado\"><strong>Conclusi\u00f3n: \u00bfPodr\u00e1 la aviaci\u00f3n liderar la transici\u00f3n energ\u00e9tica en un mundo fragmentado?<\/strong><\/h3>\n\n\n\n<p>Los cinco riesgos descritos por la IATA no operan de forma aislada: se refuerzan mutuamente en un entorno de m\u00e1rgenes estrechos y alta interdependencia global. Sin embargo, el transporte a\u00e9reo posee una ventaja estrat\u00e9gica \u00fanica: su capacidad para conectar econom\u00edas, impulsar innovaci\u00f3n y habilitar soluciones clim\u00e1ticas como SAF avanzados y agricultura regenerativa.<\/p>\n\n\n\n<p>La pregunta que queda para directivos, reguladores y fabricantes es clara: en un mundo que se fragmenta,<strong>&nbsp;\u00bflograr\u00e1 la aviaci\u00f3n mantener \u2014o incluso fortalecer\u2014 su rol como conector global y motor de progreso sostenible, o ser\u00e1 v\u00edctima de las mismas divisiones que intenta superar?<\/strong>&nbsp;La respuesta depender\u00e1 de la capacidad del sector para anticipar, colaborar y convertir riesgos en palancas de resiliencia.<\/p>\n\n\n\n<p><strong>Fuente: aviaciondigital.com<\/strong><\/p>\n\n\n\n<p><\/p>\n","protected":false},"excerpt":{"rendered":"<p>(Aeronoticias): Aviaci\u00f3n Digital, Sp.-&nbsp;En un sector que acaba de registrar&nbsp;ganancias netas r\u00e9cord de 39.500 millones de d\u00f3lares en 2025&nbsp;\u2014equivalentes a las de una sola gran petrolera en un buen a\u00f1o\u2014, el transporte a\u00e9reo enfrenta en 2026 un panorama de&nbsp;m\u00e1rgenes netos proyectados en solo 3,9 %, uno de los m\u00e1s bajos entre industrias globales. Marie Owens [&hellip;]<\/p>\n","protected":false},"author":3,"featured_media":97768,"comment_status":"closed","ping_status":"closed","sticky":false,"template":"","format":"standard","meta":{"tdm_status":"","tdm_grid_status":"","footnotes":""},"categories":[32,34],"tags":[6398,902,6767,296,6766],"class_list":{"0":"post-97766","1":"post","2":"type-post","3":"status-publish","4":"format-standard","5":"has-post-thumbnail","7":"category-internacional","8":"category-internacionales","9":"tag-cadena-de-suministro","10":"tag-cambio-climatico","11":"tag-fragmentacion-politica","12":"tag-iata","13":"tag-riesgos-estructurales"},"yoast_head":"<!-- This site is optimized with the Yoast SEO plugin v25.1 - https:\/\/yoast.com\/wordpress\/plugins\/seo\/ -->\n<title>IATA alerta: Los 5 riesgos estructurales que definir\u00e1n el transporte a\u00e9reo en 2026<\/title>\n<meta name=\"description\" content=\"An\u00e1lisis de Marie Owens Thomsen (IATA) sobre fragmentaci\u00f3n regulatoria, cuellos de botella en cadena de suministro y amenazas cibern\u00e9ticas en un a\u00f1o de m\u00e1rgenes ajustados y transici\u00f3n energ\u00e9tica incierta.28 enero, 2026\" \/>\n<meta name=\"robots\" content=\"index, follow, max-snippet:-1, max-image-preview:large, max-video-preview:-1\" \/>\n<link rel=\"canonical\" href=\"https:\/\/aeronoticias.com.pe\/noticiero\/transporte-aereo\/internacional\/iata-alerta-los-5-riesgos-estructurales-que-definiran-el-transporte-aereo-en-2026\/\" \/>\n<meta property=\"og:locale\" content=\"es_ES\" \/>\n<meta property=\"og:type\" content=\"article\" \/>\n<meta property=\"og:title\" content=\"IATA alerta: Los 5 riesgos estructurales que definir\u00e1n el transporte a\u00e9reo en 2026\" \/>\n<meta property=\"og:description\" content=\"An\u00e1lisis de Marie Owens Thomsen (IATA) sobre fragmentaci\u00f3n regulatoria, cuellos de botella en cadena de suministro y amenazas cibern\u00e9ticas en un a\u00f1o de m\u00e1rgenes ajustados y transici\u00f3n energ\u00e9tica incierta.28 enero, 2026\" \/>\n<meta property=\"og:url\" content=\"https:\/\/aeronoticias.com.pe\/noticiero\/transporte-aereo\/internacional\/iata-alerta-los-5-riesgos-estructurales-que-definiran-el-transporte-aereo-en-2026\/\" \/>\n<meta property=\"og:site_name\" content=\"Aeronoticias.com.pe\" \/>\n<meta property=\"article:publisher\" content=\"https:\/\/www.facebook.com\/Aeronoticias.com.pe\/\" \/>\n<meta property=\"article:published_time\" content=\"2026-01-29T17:18:31+00:00\" \/>\n<meta property=\"article:modified_time\" content=\"2026-01-29T17:18:36+00:00\" \/>\n<meta property=\"og:image\" content=\"https:\/\/aeronoticias.com.pe\/noticiero\/wp-content\/uploads\/2026\/01\/nubes.jpg\" \/>\n\t<meta property=\"og:image:width\" content=\"1044\" \/>\n\t<meta property=\"og:image:height\" content=\"587\" \/>\n\t<meta property=\"og:image:type\" content=\"image\/jpeg\" \/>\n<meta name=\"author\" content=\"Redacci\u00f3n\" \/>\n<meta name=\"twitter:card\" content=\"summary_large_image\" \/>\n<meta name=\"twitter:creator\" content=\"@aeronoticias\" \/>\n<meta name=\"twitter:site\" content=\"@aeronoticias\" \/>\n<meta name=\"twitter:label1\" content=\"Escrito por\" \/>\n\t<meta name=\"twitter:data1\" content=\"Redacci\u00f3n\" \/>\n\t<meta name=\"twitter:label2\" content=\"Tiempo de lectura\" \/>\n\t<meta name=\"twitter:data2\" content=\"5 minutos\" \/>\n<script type=\"application\/ld+json\" class=\"yoast-schema-graph\">{\"@context\":\"https:\/\/schema.org\",\"@graph\":[{\"@type\":\"WebPage\",\"@id\":\"https:\/\/aeronoticias.com.pe\/noticiero\/transporte-aereo\/internacional\/iata-alerta-los-5-riesgos-estructurales-que-definiran-el-transporte-aereo-en-2026\/\",\"url\":\"https:\/\/aeronoticias.com.pe\/noticiero\/transporte-aereo\/internacional\/iata-alerta-los-5-riesgos-estructurales-que-definiran-el-transporte-aereo-en-2026\/\",\"name\":\"IATA alerta: Los 5 riesgos estructurales que definir\u00e1n el transporte a\u00e9reo en 2026\",\"isPartOf\":{\"@id\":\"https:\/\/aeronoticias.com.pe\/noticiero\/#website\"},\"primaryImageOfPage\":{\"@id\":\"https:\/\/aeronoticias.com.pe\/noticiero\/transporte-aereo\/internacional\/iata-alerta-los-5-riesgos-estructurales-que-definiran-el-transporte-aereo-en-2026\/#primaryimage\"},\"image\":{\"@id\":\"https:\/\/aeronoticias.com.pe\/noticiero\/transporte-aereo\/internacional\/iata-alerta-los-5-riesgos-estructurales-que-definiran-el-transporte-aereo-en-2026\/#primaryimage\"},\"thumbnailUrl\":\"https:\/\/aeronoticias.com.pe\/noticiero\/wp-content\/uploads\/2026\/01\/nubes.jpg\",\"datePublished\":\"2026-01-29T17:18:31+00:00\",\"dateModified\":\"2026-01-29T17:18:36+00:00\",\"author\":{\"@id\":\"https:\/\/aeronoticias.com.pe\/noticiero\/#\/schema\/person\/16212a617c73f78916b13194154243bd\"},\"description\":\"An\u00e1lisis de Marie Owens Thomsen (IATA) sobre fragmentaci\u00f3n regulatoria, cuellos de botella en cadena de suministro y amenazas cibern\u00e9ticas en un a\u00f1o de m\u00e1rgenes ajustados y transici\u00f3n energ\u00e9tica incierta.28 enero, 2026\",\"breadcrumb\":{\"@id\":\"https:\/\/aeronoticias.com.pe\/noticiero\/transporte-aereo\/internacional\/iata-alerta-los-5-riesgos-estructurales-que-definiran-el-transporte-aereo-en-2026\/#breadcrumb\"},\"inLanguage\":\"es\",\"potentialAction\":[{\"@type\":\"ReadAction\",\"target\":[\"https:\/\/aeronoticias.com.pe\/noticiero\/transporte-aereo\/internacional\/iata-alerta-los-5-riesgos-estructurales-que-definiran-el-transporte-aereo-en-2026\/\"]}]},{\"@type\":\"ImageObject\",\"inLanguage\":\"es\",\"@id\":\"https:\/\/aeronoticias.com.pe\/noticiero\/transporte-aereo\/internacional\/iata-alerta-los-5-riesgos-estructurales-que-definiran-el-transporte-aereo-en-2026\/#primaryimage\",\"url\":\"https:\/\/aeronoticias.com.pe\/noticiero\/wp-content\/uploads\/2026\/01\/nubes.jpg\",\"contentUrl\":\"https:\/\/aeronoticias.com.pe\/noticiero\/wp-content\/uploads\/2026\/01\/nubes.jpg\",\"width\":1044,\"height\":587},{\"@type\":\"BreadcrumbList\",\"@id\":\"https:\/\/aeronoticias.com.pe\/noticiero\/transporte-aereo\/internacional\/iata-alerta-los-5-riesgos-estructurales-que-definiran-el-transporte-aereo-en-2026\/#breadcrumb\",\"itemListElement\":[{\"@type\":\"ListItem\",\"position\":1,\"name\":\"Portada\",\"item\":\"https:\/\/aeronoticias.com.pe\/noticiero\/\"},{\"@type\":\"ListItem\",\"position\":2,\"name\":\"IATA alerta: Los 5 riesgos estructurales que definir\u00e1n el transporte a\u00e9reo en 2026\"}]},{\"@type\":\"WebSite\",\"@id\":\"https:\/\/aeronoticias.com.pe\/noticiero\/#website\",\"url\":\"https:\/\/aeronoticias.com.pe\/noticiero\/\",\"name\":\"Aeronoticias.com.pe\",\"description\":\"Noticias de tranporte aereo, turismo, hoteles, gastronomia, actualidad, internacional\",\"potentialAction\":[{\"@type\":\"SearchAction\",\"target\":{\"@type\":\"EntryPoint\",\"urlTemplate\":\"https:\/\/aeronoticias.com.pe\/noticiero\/?s={search_term_string}\"},\"query-input\":{\"@type\":\"PropertyValueSpecification\",\"valueRequired\":true,\"valueName\":\"search_term_string\"}}],\"inLanguage\":\"es\"},{\"@type\":\"Person\",\"@id\":\"https:\/\/aeronoticias.com.pe\/noticiero\/#\/schema\/person\/16212a617c73f78916b13194154243bd\",\"name\":\"Redacci\u00f3n\",\"sameAs\":[\"http:\/\/Redacci\u00f3n\"],\"url\":\"https:\/\/aeronoticias.com.pe\/noticiero\/author\/celeste\/\"}]}<\/script>\n<!-- \/ Yoast SEO plugin. -->","yoast_head_json":{"title":"IATA alerta: Los 5 riesgos estructurales que definir\u00e1n el transporte a\u00e9reo en 2026","description":"An\u00e1lisis de Marie Owens Thomsen (IATA) sobre fragmentaci\u00f3n regulatoria, cuellos de botella en cadena de suministro y amenazas cibern\u00e9ticas en un a\u00f1o de m\u00e1rgenes ajustados y transici\u00f3n energ\u00e9tica incierta.28 enero, 2026","robots":{"index":"index","follow":"follow","max-snippet":"max-snippet:-1","max-image-preview":"max-image-preview:large","max-video-preview":"max-video-preview:-1"},"canonical":"https:\/\/aeronoticias.com.pe\/noticiero\/transporte-aereo\/internacional\/iata-alerta-los-5-riesgos-estructurales-que-definiran-el-transporte-aereo-en-2026\/","og_locale":"es_ES","og_type":"article","og_title":"IATA alerta: Los 5 riesgos estructurales que definir\u00e1n el transporte a\u00e9reo en 2026","og_description":"An\u00e1lisis de Marie Owens Thomsen (IATA) sobre fragmentaci\u00f3n regulatoria, cuellos de botella en cadena de suministro y amenazas cibern\u00e9ticas en un a\u00f1o de m\u00e1rgenes ajustados y transici\u00f3n energ\u00e9tica incierta.28 enero, 2026","og_url":"https:\/\/aeronoticias.com.pe\/noticiero\/transporte-aereo\/internacional\/iata-alerta-los-5-riesgos-estructurales-que-definiran-el-transporte-aereo-en-2026\/","og_site_name":"Aeronoticias.com.pe","article_publisher":"https:\/\/www.facebook.com\/Aeronoticias.com.pe\/","article_published_time":"2026-01-29T17:18:31+00:00","article_modified_time":"2026-01-29T17:18:36+00:00","og_image":[{"width":1044,"height":587,"url":"https:\/\/aeronoticias.com.pe\/noticiero\/wp-content\/uploads\/2026\/01\/nubes.jpg","type":"image\/jpeg"}],"author":"Redacci\u00f3n","twitter_card":"summary_large_image","twitter_creator":"@aeronoticias","twitter_site":"@aeronoticias","twitter_misc":{"Escrito por":"Redacci\u00f3n","Tiempo de lectura":"5 minutos"},"schema":{"@context":"https:\/\/schema.org","@graph":[{"@type":"WebPage","@id":"https:\/\/aeronoticias.com.pe\/noticiero\/transporte-aereo\/internacional\/iata-alerta-los-5-riesgos-estructurales-que-definiran-el-transporte-aereo-en-2026\/","url":"https:\/\/aeronoticias.com.pe\/noticiero\/transporte-aereo\/internacional\/iata-alerta-los-5-riesgos-estructurales-que-definiran-el-transporte-aereo-en-2026\/","name":"IATA alerta: Los 5 riesgos estructurales que definir\u00e1n el transporte a\u00e9reo en 2026","isPartOf":{"@id":"https:\/\/aeronoticias.com.pe\/noticiero\/#website"},"primaryImageOfPage":{"@id":"https:\/\/aeronoticias.com.pe\/noticiero\/transporte-aereo\/internacional\/iata-alerta-los-5-riesgos-estructurales-que-definiran-el-transporte-aereo-en-2026\/#primaryimage"},"image":{"@id":"https:\/\/aeronoticias.com.pe\/noticiero\/transporte-aereo\/internacional\/iata-alerta-los-5-riesgos-estructurales-que-definiran-el-transporte-aereo-en-2026\/#primaryimage"},"thumbnailUrl":"https:\/\/aeronoticias.com.pe\/noticiero\/wp-content\/uploads\/2026\/01\/nubes.jpg","datePublished":"2026-01-29T17:18:31+00:00","dateModified":"2026-01-29T17:18:36+00:00","author":{"@id":"https:\/\/aeronoticias.com.pe\/noticiero\/#\/schema\/person\/16212a617c73f78916b13194154243bd"},"description":"An\u00e1lisis de Marie Owens Thomsen (IATA) sobre fragmentaci\u00f3n regulatoria, cuellos de botella en cadena de suministro y amenazas cibern\u00e9ticas en un a\u00f1o de m\u00e1rgenes ajustados y transici\u00f3n energ\u00e9tica incierta.28 enero, 2026","breadcrumb":{"@id":"https:\/\/aeronoticias.com.pe\/noticiero\/transporte-aereo\/internacional\/iata-alerta-los-5-riesgos-estructurales-que-definiran-el-transporte-aereo-en-2026\/#breadcrumb"},"inLanguage":"es","potentialAction":[{"@type":"ReadAction","target":["https:\/\/aeronoticias.com.pe\/noticiero\/transporte-aereo\/internacional\/iata-alerta-los-5-riesgos-estructurales-que-definiran-el-transporte-aereo-en-2026\/"]}]},{"@type":"ImageObject","inLanguage":"es","@id":"https:\/\/aeronoticias.com.pe\/noticiero\/transporte-aereo\/internacional\/iata-alerta-los-5-riesgos-estructurales-que-definiran-el-transporte-aereo-en-2026\/#primaryimage","url":"https:\/\/aeronoticias.com.pe\/noticiero\/wp-content\/uploads\/2026\/01\/nubes.jpg","contentUrl":"https:\/\/aeronoticias.com.pe\/noticiero\/wp-content\/uploads\/2026\/01\/nubes.jpg","width":1044,"height":587},{"@type":"BreadcrumbList","@id":"https:\/\/aeronoticias.com.pe\/noticiero\/transporte-aereo\/internacional\/iata-alerta-los-5-riesgos-estructurales-que-definiran-el-transporte-aereo-en-2026\/#breadcrumb","itemListElement":[{"@type":"ListItem","position":1,"name":"Portada","item":"https:\/\/aeronoticias.com.pe\/noticiero\/"},{"@type":"ListItem","position":2,"name":"IATA alerta: Los 5 riesgos estructurales que definir\u00e1n el transporte a\u00e9reo en 2026"}]},{"@type":"WebSite","@id":"https:\/\/aeronoticias.com.pe\/noticiero\/#website","url":"https:\/\/aeronoticias.com.pe\/noticiero\/","name":"Aeronoticias.com.pe","description":"Noticias de tranporte aereo, turismo, hoteles, gastronomia, actualidad, internacional","potentialAction":[{"@type":"SearchAction","target":{"@type":"EntryPoint","urlTemplate":"https:\/\/aeronoticias.com.pe\/noticiero\/?s={search_term_string}"},"query-input":{"@type":"PropertyValueSpecification","valueRequired":true,"valueName":"search_term_string"}}],"inLanguage":"es"},{"@type":"Person","@id":"https:\/\/aeronoticias.com.pe\/noticiero\/#\/schema\/person\/16212a617c73f78916b13194154243bd","name":"Redacci\u00f3n","sameAs":["http:\/\/Redacci\u00f3n"],"url":"https:\/\/aeronoticias.com.pe\/noticiero\/author\/celeste\/"}]}},"_links":{"self":[{"href":"https:\/\/aeronoticias.com.pe\/noticiero\/wp-json\/wp\/v2\/posts\/97766","targetHints":{"allow":["GET"]}}],"collection":[{"href":"https:\/\/aeronoticias.com.pe\/noticiero\/wp-json\/wp\/v2\/posts"}],"about":[{"href":"https:\/\/aeronoticias.com.pe\/noticiero\/wp-json\/wp\/v2\/types\/post"}],"author":[{"embeddable":true,"href":"https:\/\/aeronoticias.com.pe\/noticiero\/wp-json\/wp\/v2\/users\/3"}],"replies":[{"embeddable":true,"href":"https:\/\/aeronoticias.com.pe\/noticiero\/wp-json\/wp\/v2\/comments?post=97766"}],"version-history":[{"count":1,"href":"https:\/\/aeronoticias.com.pe\/noticiero\/wp-json\/wp\/v2\/posts\/97766\/revisions"}],"predecessor-version":[{"id":97769,"href":"https:\/\/aeronoticias.com.pe\/noticiero\/wp-json\/wp\/v2\/posts\/97766\/revisions\/97769"}],"wp:featuredmedia":[{"embeddable":true,"href":"https:\/\/aeronoticias.com.pe\/noticiero\/wp-json\/wp\/v2\/media\/97768"}],"wp:attachment":[{"href":"https:\/\/aeronoticias.com.pe\/noticiero\/wp-json\/wp\/v2\/media?parent=97766"}],"wp:term":[{"taxonomy":"category","embeddable":true,"href":"https:\/\/aeronoticias.com.pe\/noticiero\/wp-json\/wp\/v2\/categories?post=97766"},{"taxonomy":"post_tag","embeddable":true,"href":"https:\/\/aeronoticias.com.pe\/noticiero\/wp-json\/wp\/v2\/tags?post=97766"}],"curies":[{"name":"wp","href":"https:\/\/api.w.org\/{rel}","templated":true}]}}