{"id":97770,"date":"2026-01-29T15:30:11","date_gmt":"2026-01-29T20:30:11","guid":{"rendered":"https:\/\/aeronoticias.com.pe\/noticiero\/?p=97770"},"modified":"2026-01-29T15:30:22","modified_gmt":"2026-01-29T20:30:22","slug":"lawfare-o-guerra-legal","status":"publish","type":"post","link":"https:\/\/aeronoticias.com.pe\/noticiero\/transporte-aereo\/internacional\/lawfare-o-guerra-legal\/","title":{"rendered":"Lawfare o Guerra Legal"},"content":{"rendered":"\n<p><strong>(Aeronoticias)<\/strong>: En corto plazo tendremos elecciones generales en el pa\u00eds, teniendo muy alarmada a la poblaci\u00f3n, por la masiva desinformaci\u00f3n en los medios virtuales, casi todos los candidatos son sujetos de imputaciones delictivas, para buscar su descalificaci\u00f3n en el voto popular. Lawfare, la Pontificia Universidad Cat\u00f3lica del Peru, publica en su Gaceta Jur\u00eddica, un preciso comentario del Doctor Derik Roberto Latorre Boza, refiri\u00e9ndose <em>\u201c<strong>El Lawfare es un concepto jur\u00eddico pol\u00edtico que se encuentra en boga en Am\u00e9rica Latina y da cuenta del uso indebido del Derecho, en el \u00e1mbito de la pol\u00edtica, como un arma de guerra, en principio ideol\u00f3gicamente neutral, que busca, judicializando ciertas causas, la destrucci\u00f3n de la imagen p\u00fablica y la inhabilitaci\u00f3n de un adversario o enemigo pol\u00edtico, contando para ello con el apoyo de los medios de comunicaci\u00f3n hegem\u00f3nicos y en muchos casos concentrados en pocos grupos de poder, a fin de dar cobertura medi\u00e1tica amplia a determinadas denuncias<\/strong>. De ese modo, buscan manufacturar cierto consenso en la opini\u00f3n p\u00fablica, denigrando o destruyendo la imagen de ciertos actores pol\u00edticos, generalmente buscando mantener el statu quo y, por tanto, bloqueando y atacando cualquier propuesta de cambio en la sociedad.\u201d<\/em><\/p>\n\n\n\n<p>Sin embargo, ante la carencia de moral y \u00e9tica, recordemos elecciones anteriores, partidos postulantes apelaron a delitos para lograr sus objetivos; el fujimorismo tuvo lo que se llamar\u00eda f\u00e1brica de firmas, efectuado por el<strong> Notario P\u00fablico Oscar Medelius, quien tuvo que ser extraditado de EEUU y cumplir condena, recientemente asesinado; el r\u00e9gimen de Toledo tambi\u00e9n se vali\u00f3 de firmas adulteradas, sin embargo, los autores escaparon sin poder ser ubicados para que asuman sus sentencias. Para las elecciones de este a\u00f1o, ha una serie de denuncias contra distintos partidos que imitan esta reprochable forma de hacer pol\u00edticas.<\/strong><\/p>\n\n\n\n<p>Resulta perturbador, que la sociedad peruana este criminalizada; la agenda esta fijada por todos los medios de comunicaci\u00f3n social, prensa escrita, radio, televisi\u00f3n y diarios virtuales, que en un 70 % son noticias de delitos, delincuentes, pol\u00edticos, Presidentes, Ministros, Congresistas y otros, sometidos a Investigaciones Fiscales y Juzgamiento Judicial. Miguel de Unamuno \u201c\u00a0fue un escritor y fil\u00f3sofo espa\u00f1ol perteneciente a la llamada\u00a0<a href=\"https:\/\/es.wikipedia.org\/wiki\/Generaci%C3%B3n_del_98\">generaci\u00f3n del 98<\/a>.\u201d, en una de sus obras repetidas en sus clases universitarias expreso \u201cque las cosas por muy conocidas se olvidan\u201d.<strong> En nuestra realidad, nos hemos olvidado que todo este panorama que de repetirse d\u00eda a d\u00eda, nos hemos olvidado; debemos rescatar la moral, la \u00e9tica, la honestidad y las buenas costumbres para recuperar el nivel que estamos perdiendo; labor que nos compete a todos, especialmente a los pol\u00edticos que pretenden representar al pa\u00eds en estas elecciones.<\/strong><\/p>\n\n\n\n<figure class=\"wp-block-image size-full is-resized\"><img loading=\"lazy\" decoding=\"async\" width=\"269\" height=\"300\" src=\"https:\/\/aeronoticias.com.pe\/noticiero\/wp-content\/uploads\/2026\/01\/image-12.png\" alt=\"\" class=\"wp-image-97772\" style=\"width:168px;height:auto\" srcset=\"https:\/\/aeronoticias.com.pe\/noticiero\/wp-content\/uploads\/2026\/01\/image-12.png 269w, https:\/\/aeronoticias.com.pe\/noticiero\/wp-content\/uploads\/2026\/01\/image-12-150x167.png 150w\" sizes=\"auto, (max-width: 269px) 100vw, 269px\" \/><\/figure>\n\n\n\n<p><strong>Por: Julio Ubillus Soriano<\/strong><\/p>\n","protected":false},"excerpt":{"rendered":"<p>(Aeronoticias): En corto plazo tendremos elecciones generales en el pa\u00eds, teniendo muy alarmada a la poblaci\u00f3n, por la masiva desinformaci\u00f3n en los medios virtuales, casi todos los candidatos son sujetos de imputaciones delictivas, para buscar su descalificaci\u00f3n en el voto popular. Lawfare, la Pontificia Universidad Cat\u00f3lica del Peru, publica en su Gaceta Jur\u00eddica, un preciso [&hellip;]<\/p>\n","protected":false},"author":3,"featured_media":97771,"comment_status":"closed","ping_status":"closed","sticky":false,"template":"","format":"standard","meta":{"tdm_status":"","tdm_grid_status":"","footnotes":""},"categories":[32,34],"tags":[807,6771,6769,6768,6770],"class_list":{"0":"post-97770","1":"post","2":"type-post","3":"status-publish","4":"format-standard","5":"has-post-thumbnail","7":"category-internacional","8":"category-internacionales","9":"tag-america-latina","10":"tag-grupos-de-poder","11":"tag-guerra-legal","12":"tag-lawfare","13":"tag-principio-neutral"},"yoast_head":"<!-- This site is optimized with the Yoast SEO plugin v25.1 - https:\/\/yoast.com\/wordpress\/plugins\/seo\/ -->\n<title>Lawfare o Guerra Legal<\/title>\n<meta name=\"description\" content=\"Portal de noticias del Per\u00fa sobre el transporte a\u00e9reo, aviaci\u00f3n, turismo, hoteleria, actualidad.\" \/>\n<meta name=\"robots\" content=\"index, follow, max-snippet:-1, max-image-preview:large, max-video-preview:-1\" \/>\n<link rel=\"canonical\" href=\"https:\/\/aeronoticias.com.pe\/noticiero\/transporte-aereo\/internacional\/lawfare-o-guerra-legal\/\" \/>\n<meta property=\"og:locale\" content=\"es_ES\" \/>\n<meta property=\"og:type\" content=\"article\" \/>\n<meta property=\"og:title\" content=\"Lawfare o Guerra Legal\" \/>\n<meta property=\"og:description\" content=\"Portal de noticias del Per\u00fa sobre el transporte a\u00e9reo, aviaci\u00f3n, turismo, hoteleria, actualidad.\" \/>\n<meta property=\"og:url\" content=\"https:\/\/aeronoticias.com.pe\/noticiero\/transporte-aereo\/internacional\/lawfare-o-guerra-legal\/\" \/>\n<meta property=\"og:site_name\" content=\"Aeronoticias.com.pe\" \/>\n<meta property=\"article:publisher\" content=\"https:\/\/www.facebook.com\/Aeronoticias.com.pe\/\" \/>\n<meta property=\"article:published_time\" content=\"2026-01-29T20:30:11+00:00\" \/>\n<meta property=\"article:modified_time\" content=\"2026-01-29T20:30:22+00:00\" \/>\n<meta property=\"og:image\" content=\"https:\/\/aeronoticias.com.pe\/noticiero\/wp-content\/uploads\/2026\/01\/law.jpg\" \/>\n\t<meta property=\"og:image:width\" content=\"392\" \/>\n\t<meta property=\"og:image:height\" content=\"358\" \/>\n\t<meta property=\"og:image:type\" content=\"image\/jpeg\" \/>\n<meta name=\"author\" content=\"Redacci\u00f3n\" \/>\n<meta name=\"twitter:card\" content=\"summary_large_image\" \/>\n<meta name=\"twitter:creator\" content=\"@aeronoticias\" \/>\n<meta name=\"twitter:site\" content=\"@aeronoticias\" \/>\n<meta name=\"twitter:label1\" content=\"Escrito por\" \/>\n\t<meta name=\"twitter:data1\" content=\"Redacci\u00f3n\" \/>\n\t<meta name=\"twitter:label2\" content=\"Tiempo de lectura\" \/>\n\t<meta name=\"twitter:data2\" content=\"3 minutos\" \/>\n<script type=\"application\/ld+json\" class=\"yoast-schema-graph\">{\"@context\":\"https:\/\/schema.org\",\"@graph\":[{\"@type\":\"WebPage\",\"@id\":\"https:\/\/aeronoticias.com.pe\/noticiero\/transporte-aereo\/internacional\/lawfare-o-guerra-legal\/\",\"url\":\"https:\/\/aeronoticias.com.pe\/noticiero\/transporte-aereo\/internacional\/lawfare-o-guerra-legal\/\",\"name\":\"Lawfare o Guerra Legal\",\"isPartOf\":{\"@id\":\"https:\/\/aeronoticias.com.pe\/noticiero\/#website\"},\"primaryImageOfPage\":{\"@id\":\"https:\/\/aeronoticias.com.pe\/noticiero\/transporte-aereo\/internacional\/lawfare-o-guerra-legal\/#primaryimage\"},\"image\":{\"@id\":\"https:\/\/aeronoticias.com.pe\/noticiero\/transporte-aereo\/internacional\/lawfare-o-guerra-legal\/#primaryimage\"},\"thumbnailUrl\":\"https:\/\/aeronoticias.com.pe\/noticiero\/wp-content\/uploads\/2026\/01\/law.jpg\",\"datePublished\":\"2026-01-29T20:30:11+00:00\",\"dateModified\":\"2026-01-29T20:30:22+00:00\",\"author\":{\"@id\":\"https:\/\/aeronoticias.com.pe\/noticiero\/#\/schema\/person\/16212a617c73f78916b13194154243bd\"},\"description\":\"Portal de noticias del Per\u00fa sobre el transporte a\u00e9reo, aviaci\u00f3n, turismo, hoteleria, actualidad.\",\"breadcrumb\":{\"@id\":\"https:\/\/aeronoticias.com.pe\/noticiero\/transporte-aereo\/internacional\/lawfare-o-guerra-legal\/#breadcrumb\"},\"inLanguage\":\"es\",\"potentialAction\":[{\"@type\":\"ReadAction\",\"target\":[\"https:\/\/aeronoticias.com.pe\/noticiero\/transporte-aereo\/internacional\/lawfare-o-guerra-legal\/\"]}]},{\"@type\":\"ImageObject\",\"inLanguage\":\"es\",\"@id\":\"https:\/\/aeronoticias.com.pe\/noticiero\/transporte-aereo\/internacional\/lawfare-o-guerra-legal\/#primaryimage\",\"url\":\"https:\/\/aeronoticias.com.pe\/noticiero\/wp-content\/uploads\/2026\/01\/law.jpg\",\"contentUrl\":\"https:\/\/aeronoticias.com.pe\/noticiero\/wp-content\/uploads\/2026\/01\/law.jpg\",\"width\":392,\"height\":358},{\"@type\":\"BreadcrumbList\",\"@id\":\"https:\/\/aeronoticias.com.pe\/noticiero\/transporte-aereo\/internacional\/lawfare-o-guerra-legal\/#breadcrumb\",\"itemListElement\":[{\"@type\":\"ListItem\",\"position\":1,\"name\":\"Portada\",\"item\":\"https:\/\/aeronoticias.com.pe\/noticiero\/\"},{\"@type\":\"ListItem\",\"position\":2,\"name\":\"Lawfare o Guerra Legal\"}]},{\"@type\":\"WebSite\",\"@id\":\"https:\/\/aeronoticias.com.pe\/noticiero\/#website\",\"url\":\"https:\/\/aeronoticias.com.pe\/noticiero\/\",\"name\":\"Aeronoticias.com.pe\",\"description\":\"Noticias de tranporte aereo, turismo, hoteles, gastronomia, actualidad, internacional\",\"potentialAction\":[{\"@type\":\"SearchAction\",\"target\":{\"@type\":\"EntryPoint\",\"urlTemplate\":\"https:\/\/aeronoticias.com.pe\/noticiero\/?s={search_term_string}\"},\"query-input\":{\"@type\":\"PropertyValueSpecification\",\"valueRequired\":true,\"valueName\":\"search_term_string\"}}],\"inLanguage\":\"es\"},{\"@type\":\"Person\",\"@id\":\"https:\/\/aeronoticias.com.pe\/noticiero\/#\/schema\/person\/16212a617c73f78916b13194154243bd\",\"name\":\"Redacci\u00f3n\",\"sameAs\":[\"http:\/\/Redacci\u00f3n\"],\"url\":\"https:\/\/aeronoticias.com.pe\/noticiero\/author\/celeste\/\"}]}<\/script>\n<!-- \/ Yoast SEO plugin. -->","yoast_head_json":{"title":"Lawfare o Guerra Legal","description":"Portal de noticias del Per\u00fa sobre el transporte a\u00e9reo, aviaci\u00f3n, turismo, hoteleria, actualidad.","robots":{"index":"index","follow":"follow","max-snippet":"max-snippet:-1","max-image-preview":"max-image-preview:large","max-video-preview":"max-video-preview:-1"},"canonical":"https:\/\/aeronoticias.com.pe\/noticiero\/transporte-aereo\/internacional\/lawfare-o-guerra-legal\/","og_locale":"es_ES","og_type":"article","og_title":"Lawfare o Guerra Legal","og_description":"Portal de noticias del Per\u00fa sobre el transporte a\u00e9reo, aviaci\u00f3n, turismo, hoteleria, actualidad.","og_url":"https:\/\/aeronoticias.com.pe\/noticiero\/transporte-aereo\/internacional\/lawfare-o-guerra-legal\/","og_site_name":"Aeronoticias.com.pe","article_publisher":"https:\/\/www.facebook.com\/Aeronoticias.com.pe\/","article_published_time":"2026-01-29T20:30:11+00:00","article_modified_time":"2026-01-29T20:30:22+00:00","og_image":[{"width":392,"height":358,"url":"https:\/\/aeronoticias.com.pe\/noticiero\/wp-content\/uploads\/2026\/01\/law.jpg","type":"image\/jpeg"}],"author":"Redacci\u00f3n","twitter_card":"summary_large_image","twitter_creator":"@aeronoticias","twitter_site":"@aeronoticias","twitter_misc":{"Escrito por":"Redacci\u00f3n","Tiempo de lectura":"3 minutos"},"schema":{"@context":"https:\/\/schema.org","@graph":[{"@type":"WebPage","@id":"https:\/\/aeronoticias.com.pe\/noticiero\/transporte-aereo\/internacional\/lawfare-o-guerra-legal\/","url":"https:\/\/aeronoticias.com.pe\/noticiero\/transporte-aereo\/internacional\/lawfare-o-guerra-legal\/","name":"Lawfare o Guerra Legal","isPartOf":{"@id":"https:\/\/aeronoticias.com.pe\/noticiero\/#website"},"primaryImageOfPage":{"@id":"https:\/\/aeronoticias.com.pe\/noticiero\/transporte-aereo\/internacional\/lawfare-o-guerra-legal\/#primaryimage"},"image":{"@id":"https:\/\/aeronoticias.com.pe\/noticiero\/transporte-aereo\/internacional\/lawfare-o-guerra-legal\/#primaryimage"},"thumbnailUrl":"https:\/\/aeronoticias.com.pe\/noticiero\/wp-content\/uploads\/2026\/01\/law.jpg","datePublished":"2026-01-29T20:30:11+00:00","dateModified":"2026-01-29T20:30:22+00:00","author":{"@id":"https:\/\/aeronoticias.com.pe\/noticiero\/#\/schema\/person\/16212a617c73f78916b13194154243bd"},"description":"Portal de noticias del Per\u00fa sobre el transporte a\u00e9reo, aviaci\u00f3n, turismo, hoteleria, actualidad.","breadcrumb":{"@id":"https:\/\/aeronoticias.com.pe\/noticiero\/transporte-aereo\/internacional\/lawfare-o-guerra-legal\/#breadcrumb"},"inLanguage":"es","potentialAction":[{"@type":"ReadAction","target":["https:\/\/aeronoticias.com.pe\/noticiero\/transporte-aereo\/internacional\/lawfare-o-guerra-legal\/"]}]},{"@type":"ImageObject","inLanguage":"es","@id":"https:\/\/aeronoticias.com.pe\/noticiero\/transporte-aereo\/internacional\/lawfare-o-guerra-legal\/#primaryimage","url":"https:\/\/aeronoticias.com.pe\/noticiero\/wp-content\/uploads\/2026\/01\/law.jpg","contentUrl":"https:\/\/aeronoticias.com.pe\/noticiero\/wp-content\/uploads\/2026\/01\/law.jpg","width":392,"height":358},{"@type":"BreadcrumbList","@id":"https:\/\/aeronoticias.com.pe\/noticiero\/transporte-aereo\/internacional\/lawfare-o-guerra-legal\/#breadcrumb","itemListElement":[{"@type":"ListItem","position":1,"name":"Portada","item":"https:\/\/aeronoticias.com.pe\/noticiero\/"},{"@type":"ListItem","position":2,"name":"Lawfare o Guerra Legal"}]},{"@type":"WebSite","@id":"https:\/\/aeronoticias.com.pe\/noticiero\/#website","url":"https:\/\/aeronoticias.com.pe\/noticiero\/","name":"Aeronoticias.com.pe","description":"Noticias de tranporte aereo, turismo, hoteles, gastronomia, actualidad, internacional","potentialAction":[{"@type":"SearchAction","target":{"@type":"EntryPoint","urlTemplate":"https:\/\/aeronoticias.com.pe\/noticiero\/?s={search_term_string}"},"query-input":{"@type":"PropertyValueSpecification","valueRequired":true,"valueName":"search_term_string"}}],"inLanguage":"es"},{"@type":"Person","@id":"https:\/\/aeronoticias.com.pe\/noticiero\/#\/schema\/person\/16212a617c73f78916b13194154243bd","name":"Redacci\u00f3n","sameAs":["http:\/\/Redacci\u00f3n"],"url":"https:\/\/aeronoticias.com.pe\/noticiero\/author\/celeste\/"}]}},"_links":{"self":[{"href":"https:\/\/aeronoticias.com.pe\/noticiero\/wp-json\/wp\/v2\/posts\/97770","targetHints":{"allow":["GET"]}}],"collection":[{"href":"https:\/\/aeronoticias.com.pe\/noticiero\/wp-json\/wp\/v2\/posts"}],"about":[{"href":"https:\/\/aeronoticias.com.pe\/noticiero\/wp-json\/wp\/v2\/types\/post"}],"author":[{"embeddable":true,"href":"https:\/\/aeronoticias.com.pe\/noticiero\/wp-json\/wp\/v2\/users\/3"}],"replies":[{"embeddable":true,"href":"https:\/\/aeronoticias.com.pe\/noticiero\/wp-json\/wp\/v2\/comments?post=97770"}],"version-history":[{"count":1,"href":"https:\/\/aeronoticias.com.pe\/noticiero\/wp-json\/wp\/v2\/posts\/97770\/revisions"}],"predecessor-version":[{"id":97773,"href":"https:\/\/aeronoticias.com.pe\/noticiero\/wp-json\/wp\/v2\/posts\/97770\/revisions\/97773"}],"wp:featuredmedia":[{"embeddable":true,"href":"https:\/\/aeronoticias.com.pe\/noticiero\/wp-json\/wp\/v2\/media\/97771"}],"wp:attachment":[{"href":"https:\/\/aeronoticias.com.pe\/noticiero\/wp-json\/wp\/v2\/media?parent=97770"}],"wp:term":[{"taxonomy":"category","embeddable":true,"href":"https:\/\/aeronoticias.com.pe\/noticiero\/wp-json\/wp\/v2\/categories?post=97770"},{"taxonomy":"post_tag","embeddable":true,"href":"https:\/\/aeronoticias.com.pe\/noticiero\/wp-json\/wp\/v2\/tags?post=97770"}],"curies":[{"name":"wp","href":"https:\/\/api.w.org\/{rel}","templated":true}]}}