{"id":98269,"date":"2026-03-08T11:41:27","date_gmt":"2026-03-08T16:41:27","guid":{"rendered":"https:\/\/aeronoticias.com.pe\/noticiero\/?p=98269"},"modified":"2026-03-08T11:41:30","modified_gmt":"2026-03-08T16:41:30","slug":"%e2%9c%88%ef%b8%8f-vuelos-de-negocios-el-crecimiento-de-la-aviacion-ejecutiva-en-el-mundo-empresarial","status":"publish","type":"post","link":"https:\/\/aeronoticias.com.pe\/noticiero\/transporte-aereo\/%e2%9c%88%ef%b8%8f-vuelos-de-negocios-el-crecimiento-de-la-aviacion-ejecutiva-en-el-mundo-empresarial\/","title":{"rendered":"\u2708\ufe0f Vuelos de negocios: el crecimiento de la aviaci\u00f3n ejecutiva en el mundo empresarial"},"content":{"rendered":"\n<h1 class=\"wp-block-heading\"><\/h1>\n\n\n\n<p><strong>(Aeronoticias):<\/strong><\/p>\n\n\n\n<p>Los vuelos de negocios se han consolidado como una herramienta estrat\u00e9gica para ejecutivos, empresarios y l\u00edderes corporativos que necesitan desplazarse r\u00e1pidamente entre distintas ciudades o pa\u00edses para reuniones, negociaciones y eventos corporativos.<\/p>\n\n\n\n<p>La aviaci\u00f3n ejecutiva permite optimizar tiempos de viaje, acceder a aeropuertos m\u00e1s peque\u00f1os y ofrecer un mayor nivel de privacidad en comparaci\u00f3n con los vuelos comerciales tradicionales.<\/p>\n\n\n\n<p>En este sector destacan aeronaves dise\u00f1adas espec\u00edficamente para transporte corporativo, como el <strong>Gulfstream G650<\/strong>, uno de los jets ejecutivos de largo alcance m\u00e1s utilizados por grandes compa\u00f1\u00edas internacionales.<\/p>\n\n\n\n<p>Otro modelo ampliamente utilizado es el <strong>Bombardier Global 7500<\/strong>, considerado uno de los aviones privados m\u00e1s avanzados del mercado, con capacidad para vuelos intercontinentales y cabinas dise\u00f1adas para reuniones de trabajo durante el vuelo.<\/p>\n\n\n\n<p>Las empresas tambi\u00e9n recurren a operadores especializados en vuelos privados como <strong>NetJets<\/strong>, que ofrece servicios de propiedad fraccionada y vuelos charter para clientes corporativos en distintos pa\u00edses.<\/p>\n\n\n\n<p>Entre las principales ventajas de los vuelos de negocios destacan:<\/p>\n\n\n\n<p>Mayor flexibilidad en horarios de salida y llegada.<\/p>\n\n\n\n<p>Acceso a aeropuertos regionales que no reciben vuelos comerciales.<\/p>\n\n\n\n<p>Ambientes privados que permiten realizar reuniones durante el trayecto.<\/p>\n\n\n\n<p>Reducci\u00f3n significativa de tiempos de traslado en agendas ejecutivas.<\/p>\n\n\n\n<p>La aviaci\u00f3n ejecutiva ha crecido especialmente en regiones con fuerte actividad empresarial como <strong>Estados Unidos<\/strong>, <strong>Europa<\/strong> y <strong>Oriente Medio<\/strong>, donde las compa\u00f1\u00edas utilizan estos vuelos para mantener operaciones globales m\u00e1s eficientes.<\/p>\n\n\n\n<p>A pesar de su alto costo operativo, los vuelos de negocios siguen siendo una herramienta clave para empresas que requieren movilidad r\u00e1pida y discreta en el \u00e1mbito internacional.<\/p>\n\n\n\n<p><strong>Fuente: Sebastian Palacin<\/strong><\/p>\n","protected":false},"excerpt":{"rendered":"<p>(Aeronoticias): Los vuelos de negocios se han consolidado como una herramienta estrat\u00e9gica para ejecutivos, empresarios y l\u00edderes corporativos que necesitan desplazarse r\u00e1pidamente entre distintas ciudades o pa\u00edses para reuniones, negociaciones y eventos corporativos. La aviaci\u00f3n ejecutiva permite optimizar tiempos de viaje, acceder a aeropuertos m\u00e1s peque\u00f1os y ofrecer un mayor nivel de privacidad en comparaci\u00f3n [&hellip;]<\/p>\n","protected":false},"author":7,"featured_media":98270,"comment_status":"closed","ping_status":"closed","sticky":false,"template":"","format":"standard","meta":{"tdm_status":"","tdm_grid_status":"","footnotes":""},"categories":[11,31],"tags":[],"class_list":{"0":"post-98269","1":"post","2":"type-post","3":"status-publish","4":"format-standard","5":"has-post-thumbnail","7":"category-transporte-aereo","8":"category-31"},"yoast_head":"<!-- This site is optimized with the Yoast SEO plugin v25.1 - https:\/\/yoast.com\/wordpress\/plugins\/seo\/ -->\n<title>\u2708\ufe0f Vuelos de negocios: el crecimiento de la aviaci\u00f3n ejecutiva en el mundo empresarial<\/title>\n<meta name=\"description\" content=\"(Aeronoticias): Los vuelos de negocios se han consolidado como una herramienta estrat\u00e9gica para ejecutivos, empresarios y l\u00edderes corporativos que necesitan desplazarse r\u00e1pidamente entre distintas ciudades o pa\u00edses para reuniones, negociaciones y eventos corporativos.\" \/>\n<meta name=\"robots\" content=\"index, follow, max-snippet:-1, max-image-preview:large, max-video-preview:-1\" \/>\n<link rel=\"canonical\" href=\"https:\/\/aeronoticias.com.pe\/noticiero\/transporte-aereo\/\u2708\ufe0f-vuelos-de-negocios-el-crecimiento-de-la-aviacion-ejecutiva-en-el-mundo-empresarial\/\" \/>\n<meta property=\"og:locale\" content=\"es_ES\" \/>\n<meta property=\"og:type\" content=\"article\" \/>\n<meta property=\"og:title\" content=\"\u2708\ufe0f Vuelos de negocios: el crecimiento de la aviaci\u00f3n ejecutiva en el mundo empresarial\" \/>\n<meta property=\"og:description\" content=\"(Aeronoticias): Los vuelos de negocios se han consolidado como una herramienta estrat\u00e9gica para ejecutivos, empresarios y l\u00edderes corporativos que necesitan desplazarse r\u00e1pidamente entre distintas ciudades o pa\u00edses para reuniones, negociaciones y eventos corporativos.\" \/>\n<meta property=\"og:url\" content=\"https:\/\/aeronoticias.com.pe\/noticiero\/transporte-aereo\/\u2708\ufe0f-vuelos-de-negocios-el-crecimiento-de-la-aviacion-ejecutiva-en-el-mundo-empresarial\/\" \/>\n<meta property=\"og:site_name\" content=\"Aeronoticias.com.pe\" \/>\n<meta property=\"article:publisher\" content=\"https:\/\/www.facebook.com\/Aeronoticias.com.pe\/\" \/>\n<meta property=\"article:published_time\" content=\"2026-03-08T16:41:27+00:00\" \/>\n<meta property=\"article:modified_time\" content=\"2026-03-08T16:41:30+00:00\" \/>\n<meta property=\"og:image\" content=\"https:\/\/aeronoticias.com.pe\/noticiero\/wp-content\/uploads\/2026\/03\/Hoteles-viajes-de-negocios-1.jpg\" \/>\n\t<meta property=\"og:image:width\" content=\"1800\" \/>\n\t<meta property=\"og:image:height\" content=\"1075\" \/>\n\t<meta property=\"og:image:type\" content=\"image\/jpeg\" \/>\n<meta name=\"author\" content=\"sebastian\" \/>\n<meta name=\"twitter:card\" content=\"summary_large_image\" \/>\n<meta name=\"twitter:creator\" content=\"@aeronoticias\" \/>\n<meta name=\"twitter:site\" content=\"@aeronoticias\" \/>\n<meta name=\"twitter:label1\" content=\"Escrito por\" \/>\n\t<meta name=\"twitter:data1\" content=\"sebastian\" \/>\n\t<meta name=\"twitter:label2\" content=\"Tiempo de lectura\" \/>\n\t<meta name=\"twitter:data2\" content=\"2 minutos\" \/>\n<script type=\"application\/ld+json\" class=\"yoast-schema-graph\">{\"@context\":\"https:\/\/schema.org\",\"@graph\":[{\"@type\":\"WebPage\",\"@id\":\"https:\/\/aeronoticias.com.pe\/noticiero\/transporte-aereo\/%e2%9c%88%ef%b8%8f-vuelos-de-negocios-el-crecimiento-de-la-aviacion-ejecutiva-en-el-mundo-empresarial\/\",\"url\":\"https:\/\/aeronoticias.com.pe\/noticiero\/transporte-aereo\/%e2%9c%88%ef%b8%8f-vuelos-de-negocios-el-crecimiento-de-la-aviacion-ejecutiva-en-el-mundo-empresarial\/\",\"name\":\"\u2708\ufe0f Vuelos de negocios: el crecimiento de la aviaci\u00f3n ejecutiva en el mundo empresarial\",\"isPartOf\":{\"@id\":\"https:\/\/aeronoticias.com.pe\/noticiero\/#website\"},\"primaryImageOfPage\":{\"@id\":\"https:\/\/aeronoticias.com.pe\/noticiero\/transporte-aereo\/%e2%9c%88%ef%b8%8f-vuelos-de-negocios-el-crecimiento-de-la-aviacion-ejecutiva-en-el-mundo-empresarial\/#primaryimage\"},\"image\":{\"@id\":\"https:\/\/aeronoticias.com.pe\/noticiero\/transporte-aereo\/%e2%9c%88%ef%b8%8f-vuelos-de-negocios-el-crecimiento-de-la-aviacion-ejecutiva-en-el-mundo-empresarial\/#primaryimage\"},\"thumbnailUrl\":\"https:\/\/aeronoticias.com.pe\/noticiero\/wp-content\/uploads\/2026\/03\/Hoteles-viajes-de-negocios-1.jpg\",\"datePublished\":\"2026-03-08T16:41:27+00:00\",\"dateModified\":\"2026-03-08T16:41:30+00:00\",\"author\":{\"@id\":\"https:\/\/aeronoticias.com.pe\/noticiero\/#\/schema\/person\/45ec58b0c4aefb9b6ee48f40659be5a3\"},\"description\":\"(Aeronoticias): Los vuelos de negocios se han consolidado como una herramienta estrat\u00e9gica para ejecutivos, empresarios y l\u00edderes corporativos que necesitan desplazarse r\u00e1pidamente entre distintas ciudades o pa\u00edses para reuniones, negociaciones y eventos corporativos.\",\"breadcrumb\":{\"@id\":\"https:\/\/aeronoticias.com.pe\/noticiero\/transporte-aereo\/%e2%9c%88%ef%b8%8f-vuelos-de-negocios-el-crecimiento-de-la-aviacion-ejecutiva-en-el-mundo-empresarial\/#breadcrumb\"},\"inLanguage\":\"es\",\"potentialAction\":[{\"@type\":\"ReadAction\",\"target\":[\"https:\/\/aeronoticias.com.pe\/noticiero\/transporte-aereo\/%e2%9c%88%ef%b8%8f-vuelos-de-negocios-el-crecimiento-de-la-aviacion-ejecutiva-en-el-mundo-empresarial\/\"]}]},{\"@type\":\"ImageObject\",\"inLanguage\":\"es\",\"@id\":\"https:\/\/aeronoticias.com.pe\/noticiero\/transporte-aereo\/%e2%9c%88%ef%b8%8f-vuelos-de-negocios-el-crecimiento-de-la-aviacion-ejecutiva-en-el-mundo-empresarial\/#primaryimage\",\"url\":\"https:\/\/aeronoticias.com.pe\/noticiero\/wp-content\/uploads\/2026\/03\/Hoteles-viajes-de-negocios-1.jpg\",\"contentUrl\":\"https:\/\/aeronoticias.com.pe\/noticiero\/wp-content\/uploads\/2026\/03\/Hoteles-viajes-de-negocios-1.jpg\",\"width\":1800,\"height\":1075},{\"@type\":\"BreadcrumbList\",\"@id\":\"https:\/\/aeronoticias.com.pe\/noticiero\/transporte-aereo\/%e2%9c%88%ef%b8%8f-vuelos-de-negocios-el-crecimiento-de-la-aviacion-ejecutiva-en-el-mundo-empresarial\/#breadcrumb\",\"itemListElement\":[{\"@type\":\"ListItem\",\"position\":1,\"name\":\"Portada\",\"item\":\"https:\/\/aeronoticias.com.pe\/noticiero\/\"},{\"@type\":\"ListItem\",\"position\":2,\"name\":\"\u2708\ufe0f Vuelos de negocios: el crecimiento de la aviaci\u00f3n ejecutiva en el mundo empresarial\"}]},{\"@type\":\"WebSite\",\"@id\":\"https:\/\/aeronoticias.com.pe\/noticiero\/#website\",\"url\":\"https:\/\/aeronoticias.com.pe\/noticiero\/\",\"name\":\"Aeronoticias.com.pe\",\"description\":\"Noticias de tranporte aereo, turismo, hoteles, gastronomia, actualidad, internacional\",\"potentialAction\":[{\"@type\":\"SearchAction\",\"target\":{\"@type\":\"EntryPoint\",\"urlTemplate\":\"https:\/\/aeronoticias.com.pe\/noticiero\/?s={search_term_string}\"},\"query-input\":{\"@type\":\"PropertyValueSpecification\",\"valueRequired\":true,\"valueName\":\"search_term_string\"}}],\"inLanguage\":\"es\"},{\"@type\":\"Person\",\"@id\":\"https:\/\/aeronoticias.com.pe\/noticiero\/#\/schema\/person\/45ec58b0c4aefb9b6ee48f40659be5a3\",\"name\":\"sebastian\",\"url\":\"https:\/\/aeronoticias.com.pe\/noticiero\/author\/sebastian\/\"}]}<\/script>\n<!-- \/ Yoast SEO plugin. -->","yoast_head_json":{"title":"\u2708\ufe0f Vuelos de negocios: el crecimiento de la aviaci\u00f3n ejecutiva en el mundo empresarial","description":"(Aeronoticias): Los vuelos de negocios se han consolidado como una herramienta estrat\u00e9gica para ejecutivos, empresarios y l\u00edderes corporativos que necesitan desplazarse r\u00e1pidamente entre distintas ciudades o pa\u00edses para reuniones, negociaciones y eventos corporativos.","robots":{"index":"index","follow":"follow","max-snippet":"max-snippet:-1","max-image-preview":"max-image-preview:large","max-video-preview":"max-video-preview:-1"},"canonical":"https:\/\/aeronoticias.com.pe\/noticiero\/transporte-aereo\/\u2708\ufe0f-vuelos-de-negocios-el-crecimiento-de-la-aviacion-ejecutiva-en-el-mundo-empresarial\/","og_locale":"es_ES","og_type":"article","og_title":"\u2708\ufe0f Vuelos de negocios: el crecimiento de la aviaci\u00f3n ejecutiva en el mundo empresarial","og_description":"(Aeronoticias): Los vuelos de negocios se han consolidado como una herramienta estrat\u00e9gica para ejecutivos, empresarios y l\u00edderes corporativos que necesitan desplazarse r\u00e1pidamente entre distintas ciudades o pa\u00edses para reuniones, negociaciones y eventos corporativos.","og_url":"https:\/\/aeronoticias.com.pe\/noticiero\/transporte-aereo\/\u2708\ufe0f-vuelos-de-negocios-el-crecimiento-de-la-aviacion-ejecutiva-en-el-mundo-empresarial\/","og_site_name":"Aeronoticias.com.pe","article_publisher":"https:\/\/www.facebook.com\/Aeronoticias.com.pe\/","article_published_time":"2026-03-08T16:41:27+00:00","article_modified_time":"2026-03-08T16:41:30+00:00","og_image":[{"width":1800,"height":1075,"url":"https:\/\/aeronoticias.com.pe\/noticiero\/wp-content\/uploads\/2026\/03\/Hoteles-viajes-de-negocios-1.jpg","type":"image\/jpeg"}],"author":"sebastian","twitter_card":"summary_large_image","twitter_creator":"@aeronoticias","twitter_site":"@aeronoticias","twitter_misc":{"Escrito por":"sebastian","Tiempo de lectura":"2 minutos"},"schema":{"@context":"https:\/\/schema.org","@graph":[{"@type":"WebPage","@id":"https:\/\/aeronoticias.com.pe\/noticiero\/transporte-aereo\/%e2%9c%88%ef%b8%8f-vuelos-de-negocios-el-crecimiento-de-la-aviacion-ejecutiva-en-el-mundo-empresarial\/","url":"https:\/\/aeronoticias.com.pe\/noticiero\/transporte-aereo\/%e2%9c%88%ef%b8%8f-vuelos-de-negocios-el-crecimiento-de-la-aviacion-ejecutiva-en-el-mundo-empresarial\/","name":"\u2708\ufe0f Vuelos de negocios: el crecimiento de la aviaci\u00f3n ejecutiva en el mundo empresarial","isPartOf":{"@id":"https:\/\/aeronoticias.com.pe\/noticiero\/#website"},"primaryImageOfPage":{"@id":"https:\/\/aeronoticias.com.pe\/noticiero\/transporte-aereo\/%e2%9c%88%ef%b8%8f-vuelos-de-negocios-el-crecimiento-de-la-aviacion-ejecutiva-en-el-mundo-empresarial\/#primaryimage"},"image":{"@id":"https:\/\/aeronoticias.com.pe\/noticiero\/transporte-aereo\/%e2%9c%88%ef%b8%8f-vuelos-de-negocios-el-crecimiento-de-la-aviacion-ejecutiva-en-el-mundo-empresarial\/#primaryimage"},"thumbnailUrl":"https:\/\/aeronoticias.com.pe\/noticiero\/wp-content\/uploads\/2026\/03\/Hoteles-viajes-de-negocios-1.jpg","datePublished":"2026-03-08T16:41:27+00:00","dateModified":"2026-03-08T16:41:30+00:00","author":{"@id":"https:\/\/aeronoticias.com.pe\/noticiero\/#\/schema\/person\/45ec58b0c4aefb9b6ee48f40659be5a3"},"description":"(Aeronoticias): Los vuelos de negocios se han consolidado como una herramienta estrat\u00e9gica para ejecutivos, empresarios y l\u00edderes corporativos que necesitan desplazarse r\u00e1pidamente entre distintas ciudades o pa\u00edses para reuniones, negociaciones y eventos corporativos.","breadcrumb":{"@id":"https:\/\/aeronoticias.com.pe\/noticiero\/transporte-aereo\/%e2%9c%88%ef%b8%8f-vuelos-de-negocios-el-crecimiento-de-la-aviacion-ejecutiva-en-el-mundo-empresarial\/#breadcrumb"},"inLanguage":"es","potentialAction":[{"@type":"ReadAction","target":["https:\/\/aeronoticias.com.pe\/noticiero\/transporte-aereo\/%e2%9c%88%ef%b8%8f-vuelos-de-negocios-el-crecimiento-de-la-aviacion-ejecutiva-en-el-mundo-empresarial\/"]}]},{"@type":"ImageObject","inLanguage":"es","@id":"https:\/\/aeronoticias.com.pe\/noticiero\/transporte-aereo\/%e2%9c%88%ef%b8%8f-vuelos-de-negocios-el-crecimiento-de-la-aviacion-ejecutiva-en-el-mundo-empresarial\/#primaryimage","url":"https:\/\/aeronoticias.com.pe\/noticiero\/wp-content\/uploads\/2026\/03\/Hoteles-viajes-de-negocios-1.jpg","contentUrl":"https:\/\/aeronoticias.com.pe\/noticiero\/wp-content\/uploads\/2026\/03\/Hoteles-viajes-de-negocios-1.jpg","width":1800,"height":1075},{"@type":"BreadcrumbList","@id":"https:\/\/aeronoticias.com.pe\/noticiero\/transporte-aereo\/%e2%9c%88%ef%b8%8f-vuelos-de-negocios-el-crecimiento-de-la-aviacion-ejecutiva-en-el-mundo-empresarial\/#breadcrumb","itemListElement":[{"@type":"ListItem","position":1,"name":"Portada","item":"https:\/\/aeronoticias.com.pe\/noticiero\/"},{"@type":"ListItem","position":2,"name":"\u2708\ufe0f Vuelos de negocios: el crecimiento de la aviaci\u00f3n ejecutiva en el mundo empresarial"}]},{"@type":"WebSite","@id":"https:\/\/aeronoticias.com.pe\/noticiero\/#website","url":"https:\/\/aeronoticias.com.pe\/noticiero\/","name":"Aeronoticias.com.pe","description":"Noticias de tranporte aereo, turismo, hoteles, gastronomia, actualidad, internacional","potentialAction":[{"@type":"SearchAction","target":{"@type":"EntryPoint","urlTemplate":"https:\/\/aeronoticias.com.pe\/noticiero\/?s={search_term_string}"},"query-input":{"@type":"PropertyValueSpecification","valueRequired":true,"valueName":"search_term_string"}}],"inLanguage":"es"},{"@type":"Person","@id":"https:\/\/aeronoticias.com.pe\/noticiero\/#\/schema\/person\/45ec58b0c4aefb9b6ee48f40659be5a3","name":"sebastian","url":"https:\/\/aeronoticias.com.pe\/noticiero\/author\/sebastian\/"}]}},"_links":{"self":[{"href":"https:\/\/aeronoticias.com.pe\/noticiero\/wp-json\/wp\/v2\/posts\/98269","targetHints":{"allow":["GET"]}}],"collection":[{"href":"https:\/\/aeronoticias.com.pe\/noticiero\/wp-json\/wp\/v2\/posts"}],"about":[{"href":"https:\/\/aeronoticias.com.pe\/noticiero\/wp-json\/wp\/v2\/types\/post"}],"author":[{"embeddable":true,"href":"https:\/\/aeronoticias.com.pe\/noticiero\/wp-json\/wp\/v2\/users\/7"}],"replies":[{"embeddable":true,"href":"https:\/\/aeronoticias.com.pe\/noticiero\/wp-json\/wp\/v2\/comments?post=98269"}],"version-history":[{"count":1,"href":"https:\/\/aeronoticias.com.pe\/noticiero\/wp-json\/wp\/v2\/posts\/98269\/revisions"}],"predecessor-version":[{"id":98271,"href":"https:\/\/aeronoticias.com.pe\/noticiero\/wp-json\/wp\/v2\/posts\/98269\/revisions\/98271"}],"wp:featuredmedia":[{"embeddable":true,"href":"https:\/\/aeronoticias.com.pe\/noticiero\/wp-json\/wp\/v2\/media\/98270"}],"wp:attachment":[{"href":"https:\/\/aeronoticias.com.pe\/noticiero\/wp-json\/wp\/v2\/media?parent=98269"}],"wp:term":[{"taxonomy":"category","embeddable":true,"href":"https:\/\/aeronoticias.com.pe\/noticiero\/wp-json\/wp\/v2\/categories?post=98269"},{"taxonomy":"post_tag","embeddable":true,"href":"https:\/\/aeronoticias.com.pe\/noticiero\/wp-json\/wp\/v2\/tags?post=98269"}],"curies":[{"name":"wp","href":"https:\/\/api.w.org\/{rel}","templated":true}]}}