{"id":98416,"date":"2026-03-11T12:54:24","date_gmt":"2026-03-11T17:54:24","guid":{"rendered":"https:\/\/aeronoticias.com.pe\/noticiero\/?p=98416"},"modified":"2026-03-11T12:54:26","modified_gmt":"2026-03-11T17:54:26","slug":"%e2%9c%88%ef%b8%8f-air-canada-conectividad-aerea-y-liderazgo-en-la-aviacion-de-norteamerica","status":"publish","type":"post","link":"https:\/\/aeronoticias.com.pe\/noticiero\/transporte-aereo\/%e2%9c%88%ef%b8%8f-air-canada-conectividad-aerea-y-liderazgo-en-la-aviacion-de-norteamerica\/","title":{"rendered":"\u2708\ufe0f Air Canada: conectividad a\u00e9rea y liderazgo en la aviaci\u00f3n de Norteam\u00e9rica"},"content":{"rendered":"\n<h1 class=\"wp-block-heading\"><\/h1>\n\n\n\n<p><strong>(Aeronoticias):<\/strong><\/p>\n\n\n\n<p>La aerol\u00ednea <strong>Air Canada<\/strong> es la principal compa\u00f1\u00eda a\u00e9rea de <strong>Canad\u00e1<\/strong> y una de las m\u00e1s importantes de Norteam\u00e9rica, destac\u00e1ndose por su amplia red de rutas internacionales y su moderna flota de aeronaves.<\/p>\n\n\n\n<p>Con sede en <strong>Montreal<\/strong>, Air Canada conecta a pasajeros con destinos en Am\u00e9rica, Europa, Asia y Ocean\u00eda, consolid\u00e1ndose como uno de los principales operadores a\u00e9reos del continente.<\/p>\n\n\n\n<p>Fundada en 1937, la aerol\u00ednea ha experimentado un crecimiento constante a lo largo de las d\u00e9cadas, modernizando su flota y ampliando su presencia internacional.<\/p>\n\n\n\n<p>Entre los aviones que forman parte de su operaci\u00f3n destacan el <strong>Boeing 787 Dreamliner<\/strong>, utilizado para vuelos intercontinentales de larga distancia, y el <strong>Airbus A220<\/strong>, una aeronave moderna dise\u00f1ada para rutas regionales y de media distancia.<\/p>\n\n\n\n<p>El principal centro de operaciones de Air Canada es el <strong>Toronto Pearson International Airport<\/strong>, uno de los aeropuertos m\u00e1s transitados de Norteam\u00e9rica.<\/p>\n\n\n\n<p>Adem\u00e1s de su enfoque en seguridad operativa, la aerol\u00ednea tambi\u00e9n se destaca por su inversi\u00f3n en tecnolog\u00eda aeron\u00e1utica, sostenibilidad y mejora continua de la experiencia del pasajero.<\/p>\n\n\n\n<p>Gracias a su extensa red de rutas y su constante modernizaci\u00f3n, Air Canada contin\u00faa consolid\u00e1ndose como una de las aerol\u00edneas m\u00e1s influyentes dentro de la aviaci\u00f3n internacional.<\/p>\n\n\n\n<p><strong>Fuente: Sebastian Palacin<\/strong><\/p>\n","protected":false},"excerpt":{"rendered":"<p>(Aeronoticias): La aerol\u00ednea Air Canada es la principal compa\u00f1\u00eda a\u00e9rea de Canad\u00e1 y una de las m\u00e1s importantes de Norteam\u00e9rica, destac\u00e1ndose por su amplia red de rutas internacionales y su moderna flota de aeronaves. Con sede en Montreal, Air Canada conecta a pasajeros con destinos en Am\u00e9rica, Europa, Asia y Ocean\u00eda, consolid\u00e1ndose como uno de [&hellip;]<\/p>\n","protected":false},"author":7,"featured_media":98417,"comment_status":"closed","ping_status":"closed","sticky":false,"template":"","format":"standard","meta":{"tdm_status":"","tdm_grid_status":"","footnotes":""},"categories":[11,9],"tags":[],"class_list":{"0":"post-98416","1":"post","2":"type-post","3":"status-publish","4":"format-standard","5":"has-post-thumbnail","7":"category-transporte-aereo","8":"category-turismo"},"yoast_head":"<!-- This site is optimized with the Yoast SEO plugin v25.1 - https:\/\/yoast.com\/wordpress\/plugins\/seo\/ -->\n<title>\u2708\ufe0f Air Canada: conectividad a\u00e9rea y liderazgo en la aviaci\u00f3n de Norteam\u00e9rica<\/title>\n<meta name=\"description\" content=\"(Aeronoticias): La aerol\u00ednea Air Canada es la principal compa\u00f1\u00eda a\u00e9rea de Canad\u00e1 y una de las m\u00e1s importantes de Norteam\u00e9rica, destac\u00e1ndose por su amplia red de rutas internacionales y su moderna flota de aeronaves.\" \/>\n<meta name=\"robots\" content=\"index, follow, max-snippet:-1, max-image-preview:large, max-video-preview:-1\" \/>\n<link rel=\"canonical\" href=\"https:\/\/aeronoticias.com.pe\/noticiero\/transporte-aereo\/\u2708\ufe0f-air-canada-conectividad-aerea-y-liderazgo-en-la-aviacion-de-norteamerica\/\" \/>\n<meta property=\"og:locale\" content=\"es_ES\" \/>\n<meta property=\"og:type\" content=\"article\" \/>\n<meta property=\"og:title\" content=\"\u2708\ufe0f Air Canada: conectividad a\u00e9rea y liderazgo en la aviaci\u00f3n de Norteam\u00e9rica\" \/>\n<meta property=\"og:description\" content=\"(Aeronoticias): La aerol\u00ednea Air Canada es la principal compa\u00f1\u00eda a\u00e9rea de Canad\u00e1 y una de las m\u00e1s importantes de Norteam\u00e9rica, destac\u00e1ndose por su amplia red de rutas internacionales y su moderna flota de aeronaves.\" \/>\n<meta property=\"og:url\" content=\"https:\/\/aeronoticias.com.pe\/noticiero\/transporte-aereo\/\u2708\ufe0f-air-canada-conectividad-aerea-y-liderazgo-en-la-aviacion-de-norteamerica\/\" \/>\n<meta property=\"og:site_name\" content=\"Aeronoticias.com.pe\" \/>\n<meta property=\"article:publisher\" content=\"https:\/\/www.facebook.com\/Aeronoticias.com.pe\/\" \/>\n<meta property=\"article:published_time\" content=\"2026-03-11T17:54:24+00:00\" \/>\n<meta property=\"article:modified_time\" content=\"2026-03-11T17:54:26+00:00\" \/>\n<meta property=\"og:image\" content=\"https:\/\/aeronoticias.com.pe\/noticiero\/wp-content\/uploads\/2026\/03\/787-10-air-canda.jpg\" \/>\n\t<meta property=\"og:image:width\" content=\"1200\" \/>\n\t<meta property=\"og:image:height\" content=\"424\" \/>\n\t<meta property=\"og:image:type\" content=\"image\/jpeg\" \/>\n<meta name=\"author\" content=\"sebastian\" \/>\n<meta name=\"twitter:card\" content=\"summary_large_image\" \/>\n<meta name=\"twitter:creator\" content=\"@aeronoticias\" \/>\n<meta name=\"twitter:site\" content=\"@aeronoticias\" \/>\n<meta name=\"twitter:label1\" content=\"Escrito por\" \/>\n\t<meta name=\"twitter:data1\" content=\"sebastian\" \/>\n\t<meta name=\"twitter:label2\" content=\"Tiempo de lectura\" \/>\n\t<meta name=\"twitter:data2\" content=\"2 minutos\" \/>\n<script type=\"application\/ld+json\" class=\"yoast-schema-graph\">{\"@context\":\"https:\/\/schema.org\",\"@graph\":[{\"@type\":\"WebPage\",\"@id\":\"https:\/\/aeronoticias.com.pe\/noticiero\/transporte-aereo\/%e2%9c%88%ef%b8%8f-air-canada-conectividad-aerea-y-liderazgo-en-la-aviacion-de-norteamerica\/\",\"url\":\"https:\/\/aeronoticias.com.pe\/noticiero\/transporte-aereo\/%e2%9c%88%ef%b8%8f-air-canada-conectividad-aerea-y-liderazgo-en-la-aviacion-de-norteamerica\/\",\"name\":\"\u2708\ufe0f Air Canada: conectividad a\u00e9rea y liderazgo en la aviaci\u00f3n de Norteam\u00e9rica\",\"isPartOf\":{\"@id\":\"https:\/\/aeronoticias.com.pe\/noticiero\/#website\"},\"primaryImageOfPage\":{\"@id\":\"https:\/\/aeronoticias.com.pe\/noticiero\/transporte-aereo\/%e2%9c%88%ef%b8%8f-air-canada-conectividad-aerea-y-liderazgo-en-la-aviacion-de-norteamerica\/#primaryimage\"},\"image\":{\"@id\":\"https:\/\/aeronoticias.com.pe\/noticiero\/transporte-aereo\/%e2%9c%88%ef%b8%8f-air-canada-conectividad-aerea-y-liderazgo-en-la-aviacion-de-norteamerica\/#primaryimage\"},\"thumbnailUrl\":\"https:\/\/aeronoticias.com.pe\/noticiero\/wp-content\/uploads\/2026\/03\/787-10-air-canda.jpg\",\"datePublished\":\"2026-03-11T17:54:24+00:00\",\"dateModified\":\"2026-03-11T17:54:26+00:00\",\"author\":{\"@id\":\"https:\/\/aeronoticias.com.pe\/noticiero\/#\/schema\/person\/45ec58b0c4aefb9b6ee48f40659be5a3\"},\"description\":\"(Aeronoticias): La aerol\u00ednea Air Canada es la principal compa\u00f1\u00eda a\u00e9rea de Canad\u00e1 y una de las m\u00e1s importantes de Norteam\u00e9rica, destac\u00e1ndose por su amplia red de rutas internacionales y su moderna flota de aeronaves.\",\"breadcrumb\":{\"@id\":\"https:\/\/aeronoticias.com.pe\/noticiero\/transporte-aereo\/%e2%9c%88%ef%b8%8f-air-canada-conectividad-aerea-y-liderazgo-en-la-aviacion-de-norteamerica\/#breadcrumb\"},\"inLanguage\":\"es\",\"potentialAction\":[{\"@type\":\"ReadAction\",\"target\":[\"https:\/\/aeronoticias.com.pe\/noticiero\/transporte-aereo\/%e2%9c%88%ef%b8%8f-air-canada-conectividad-aerea-y-liderazgo-en-la-aviacion-de-norteamerica\/\"]}]},{\"@type\":\"ImageObject\",\"inLanguage\":\"es\",\"@id\":\"https:\/\/aeronoticias.com.pe\/noticiero\/transporte-aereo\/%e2%9c%88%ef%b8%8f-air-canada-conectividad-aerea-y-liderazgo-en-la-aviacion-de-norteamerica\/#primaryimage\",\"url\":\"https:\/\/aeronoticias.com.pe\/noticiero\/wp-content\/uploads\/2026\/03\/787-10-air-canda.jpg\",\"contentUrl\":\"https:\/\/aeronoticias.com.pe\/noticiero\/wp-content\/uploads\/2026\/03\/787-10-air-canda.jpg\",\"width\":1200,\"height\":424},{\"@type\":\"BreadcrumbList\",\"@id\":\"https:\/\/aeronoticias.com.pe\/noticiero\/transporte-aereo\/%e2%9c%88%ef%b8%8f-air-canada-conectividad-aerea-y-liderazgo-en-la-aviacion-de-norteamerica\/#breadcrumb\",\"itemListElement\":[{\"@type\":\"ListItem\",\"position\":1,\"name\":\"Portada\",\"item\":\"https:\/\/aeronoticias.com.pe\/noticiero\/\"},{\"@type\":\"ListItem\",\"position\":2,\"name\":\"\u2708\ufe0f Air Canada: conectividad a\u00e9rea y liderazgo en la aviaci\u00f3n de Norteam\u00e9rica\"}]},{\"@type\":\"WebSite\",\"@id\":\"https:\/\/aeronoticias.com.pe\/noticiero\/#website\",\"url\":\"https:\/\/aeronoticias.com.pe\/noticiero\/\",\"name\":\"Aeronoticias.com.pe\",\"description\":\"Noticias de tranporte aereo, turismo, hoteles, gastronomia, actualidad, internacional\",\"potentialAction\":[{\"@type\":\"SearchAction\",\"target\":{\"@type\":\"EntryPoint\",\"urlTemplate\":\"https:\/\/aeronoticias.com.pe\/noticiero\/?s={search_term_string}\"},\"query-input\":{\"@type\":\"PropertyValueSpecification\",\"valueRequired\":true,\"valueName\":\"search_term_string\"}}],\"inLanguage\":\"es\"},{\"@type\":\"Person\",\"@id\":\"https:\/\/aeronoticias.com.pe\/noticiero\/#\/schema\/person\/45ec58b0c4aefb9b6ee48f40659be5a3\",\"name\":\"sebastian\",\"url\":\"https:\/\/aeronoticias.com.pe\/noticiero\/author\/sebastian\/\"}]}<\/script>\n<!-- \/ Yoast SEO plugin. -->","yoast_head_json":{"title":"\u2708\ufe0f Air Canada: conectividad a\u00e9rea y liderazgo en la aviaci\u00f3n de Norteam\u00e9rica","description":"(Aeronoticias): La aerol\u00ednea Air Canada es la principal compa\u00f1\u00eda a\u00e9rea de Canad\u00e1 y una de las m\u00e1s importantes de Norteam\u00e9rica, destac\u00e1ndose por su amplia red de rutas internacionales y su moderna flota de aeronaves.","robots":{"index":"index","follow":"follow","max-snippet":"max-snippet:-1","max-image-preview":"max-image-preview:large","max-video-preview":"max-video-preview:-1"},"canonical":"https:\/\/aeronoticias.com.pe\/noticiero\/transporte-aereo\/\u2708\ufe0f-air-canada-conectividad-aerea-y-liderazgo-en-la-aviacion-de-norteamerica\/","og_locale":"es_ES","og_type":"article","og_title":"\u2708\ufe0f Air Canada: conectividad a\u00e9rea y liderazgo en la aviaci\u00f3n de Norteam\u00e9rica","og_description":"(Aeronoticias): La aerol\u00ednea Air Canada es la principal compa\u00f1\u00eda a\u00e9rea de Canad\u00e1 y una de las m\u00e1s importantes de Norteam\u00e9rica, destac\u00e1ndose por su amplia red de rutas internacionales y su moderna flota de aeronaves.","og_url":"https:\/\/aeronoticias.com.pe\/noticiero\/transporte-aereo\/\u2708\ufe0f-air-canada-conectividad-aerea-y-liderazgo-en-la-aviacion-de-norteamerica\/","og_site_name":"Aeronoticias.com.pe","article_publisher":"https:\/\/www.facebook.com\/Aeronoticias.com.pe\/","article_published_time":"2026-03-11T17:54:24+00:00","article_modified_time":"2026-03-11T17:54:26+00:00","og_image":[{"width":1200,"height":424,"url":"https:\/\/aeronoticias.com.pe\/noticiero\/wp-content\/uploads\/2026\/03\/787-10-air-canda.jpg","type":"image\/jpeg"}],"author":"sebastian","twitter_card":"summary_large_image","twitter_creator":"@aeronoticias","twitter_site":"@aeronoticias","twitter_misc":{"Escrito por":"sebastian","Tiempo de lectura":"2 minutos"},"schema":{"@context":"https:\/\/schema.org","@graph":[{"@type":"WebPage","@id":"https:\/\/aeronoticias.com.pe\/noticiero\/transporte-aereo\/%e2%9c%88%ef%b8%8f-air-canada-conectividad-aerea-y-liderazgo-en-la-aviacion-de-norteamerica\/","url":"https:\/\/aeronoticias.com.pe\/noticiero\/transporte-aereo\/%e2%9c%88%ef%b8%8f-air-canada-conectividad-aerea-y-liderazgo-en-la-aviacion-de-norteamerica\/","name":"\u2708\ufe0f Air Canada: conectividad a\u00e9rea y liderazgo en la aviaci\u00f3n de Norteam\u00e9rica","isPartOf":{"@id":"https:\/\/aeronoticias.com.pe\/noticiero\/#website"},"primaryImageOfPage":{"@id":"https:\/\/aeronoticias.com.pe\/noticiero\/transporte-aereo\/%e2%9c%88%ef%b8%8f-air-canada-conectividad-aerea-y-liderazgo-en-la-aviacion-de-norteamerica\/#primaryimage"},"image":{"@id":"https:\/\/aeronoticias.com.pe\/noticiero\/transporte-aereo\/%e2%9c%88%ef%b8%8f-air-canada-conectividad-aerea-y-liderazgo-en-la-aviacion-de-norteamerica\/#primaryimage"},"thumbnailUrl":"https:\/\/aeronoticias.com.pe\/noticiero\/wp-content\/uploads\/2026\/03\/787-10-air-canda.jpg","datePublished":"2026-03-11T17:54:24+00:00","dateModified":"2026-03-11T17:54:26+00:00","author":{"@id":"https:\/\/aeronoticias.com.pe\/noticiero\/#\/schema\/person\/45ec58b0c4aefb9b6ee48f40659be5a3"},"description":"(Aeronoticias): La aerol\u00ednea Air Canada es la principal compa\u00f1\u00eda a\u00e9rea de Canad\u00e1 y una de las m\u00e1s importantes de Norteam\u00e9rica, destac\u00e1ndose por su amplia red de rutas internacionales y su moderna flota de aeronaves.","breadcrumb":{"@id":"https:\/\/aeronoticias.com.pe\/noticiero\/transporte-aereo\/%e2%9c%88%ef%b8%8f-air-canada-conectividad-aerea-y-liderazgo-en-la-aviacion-de-norteamerica\/#breadcrumb"},"inLanguage":"es","potentialAction":[{"@type":"ReadAction","target":["https:\/\/aeronoticias.com.pe\/noticiero\/transporte-aereo\/%e2%9c%88%ef%b8%8f-air-canada-conectividad-aerea-y-liderazgo-en-la-aviacion-de-norteamerica\/"]}]},{"@type":"ImageObject","inLanguage":"es","@id":"https:\/\/aeronoticias.com.pe\/noticiero\/transporte-aereo\/%e2%9c%88%ef%b8%8f-air-canada-conectividad-aerea-y-liderazgo-en-la-aviacion-de-norteamerica\/#primaryimage","url":"https:\/\/aeronoticias.com.pe\/noticiero\/wp-content\/uploads\/2026\/03\/787-10-air-canda.jpg","contentUrl":"https:\/\/aeronoticias.com.pe\/noticiero\/wp-content\/uploads\/2026\/03\/787-10-air-canda.jpg","width":1200,"height":424},{"@type":"BreadcrumbList","@id":"https:\/\/aeronoticias.com.pe\/noticiero\/transporte-aereo\/%e2%9c%88%ef%b8%8f-air-canada-conectividad-aerea-y-liderazgo-en-la-aviacion-de-norteamerica\/#breadcrumb","itemListElement":[{"@type":"ListItem","position":1,"name":"Portada","item":"https:\/\/aeronoticias.com.pe\/noticiero\/"},{"@type":"ListItem","position":2,"name":"\u2708\ufe0f Air Canada: conectividad a\u00e9rea y liderazgo en la aviaci\u00f3n de Norteam\u00e9rica"}]},{"@type":"WebSite","@id":"https:\/\/aeronoticias.com.pe\/noticiero\/#website","url":"https:\/\/aeronoticias.com.pe\/noticiero\/","name":"Aeronoticias.com.pe","description":"Noticias de tranporte aereo, turismo, hoteles, gastronomia, actualidad, internacional","potentialAction":[{"@type":"SearchAction","target":{"@type":"EntryPoint","urlTemplate":"https:\/\/aeronoticias.com.pe\/noticiero\/?s={search_term_string}"},"query-input":{"@type":"PropertyValueSpecification","valueRequired":true,"valueName":"search_term_string"}}],"inLanguage":"es"},{"@type":"Person","@id":"https:\/\/aeronoticias.com.pe\/noticiero\/#\/schema\/person\/45ec58b0c4aefb9b6ee48f40659be5a3","name":"sebastian","url":"https:\/\/aeronoticias.com.pe\/noticiero\/author\/sebastian\/"}]}},"_links":{"self":[{"href":"https:\/\/aeronoticias.com.pe\/noticiero\/wp-json\/wp\/v2\/posts\/98416","targetHints":{"allow":["GET"]}}],"collection":[{"href":"https:\/\/aeronoticias.com.pe\/noticiero\/wp-json\/wp\/v2\/posts"}],"about":[{"href":"https:\/\/aeronoticias.com.pe\/noticiero\/wp-json\/wp\/v2\/types\/post"}],"author":[{"embeddable":true,"href":"https:\/\/aeronoticias.com.pe\/noticiero\/wp-json\/wp\/v2\/users\/7"}],"replies":[{"embeddable":true,"href":"https:\/\/aeronoticias.com.pe\/noticiero\/wp-json\/wp\/v2\/comments?post=98416"}],"version-history":[{"count":1,"href":"https:\/\/aeronoticias.com.pe\/noticiero\/wp-json\/wp\/v2\/posts\/98416\/revisions"}],"predecessor-version":[{"id":98418,"href":"https:\/\/aeronoticias.com.pe\/noticiero\/wp-json\/wp\/v2\/posts\/98416\/revisions\/98418"}],"wp:featuredmedia":[{"embeddable":true,"href":"https:\/\/aeronoticias.com.pe\/noticiero\/wp-json\/wp\/v2\/media\/98417"}],"wp:attachment":[{"href":"https:\/\/aeronoticias.com.pe\/noticiero\/wp-json\/wp\/v2\/media?parent=98416"}],"wp:term":[{"taxonomy":"category","embeddable":true,"href":"https:\/\/aeronoticias.com.pe\/noticiero\/wp-json\/wp\/v2\/categories?post=98416"},{"taxonomy":"post_tag","embeddable":true,"href":"https:\/\/aeronoticias.com.pe\/noticiero\/wp-json\/wp\/v2\/tags?post=98416"}],"curies":[{"name":"wp","href":"https:\/\/api.w.org\/{rel}","templated":true}]}}