{"id":98435,"date":"2026-03-12T12:17:03","date_gmt":"2026-03-12T17:17:03","guid":{"rendered":"https:\/\/aeronoticias.com.pe\/noticiero\/?p=98435"},"modified":"2026-03-12T12:17:04","modified_gmt":"2026-03-12T17:17:04","slug":"%e2%9c%88%ef%b8%8f-swiss-international-air-lines-precision-suiza-en-la-aviacion-europea","status":"publish","type":"post","link":"https:\/\/aeronoticias.com.pe\/noticiero\/transporte-aereo\/%e2%9c%88%ef%b8%8f-swiss-international-air-lines-precision-suiza-en-la-aviacion-europea\/","title":{"rendered":"\u2708\ufe0f Swiss International Air Lines: precisi\u00f3n suiza en la aviaci\u00f3n europea"},"content":{"rendered":"\n<h1 class=\"wp-block-heading\"><\/h1>\n\n\n\n<p><strong>(Aeronoticias):<\/strong><\/p>\n\n\n\n<p>La aerol\u00ednea <strong>Swiss International Air Lines<\/strong>, conocida com\u00fanmente como SWISS, es la compa\u00f1\u00eda a\u00e9rea bandera de <strong>Suiza<\/strong> y una de las aerol\u00edneas m\u00e1s reconocidas de Europa por su eficiencia, seguridad y calidad de servicio.<\/p>\n\n\n\n<p>Con sede en <strong>Z\u00farich<\/strong>, la aerol\u00ednea conecta a pasajeros con destinos en Europa, Am\u00e9rica, Asia y \u00c1frica, consolid\u00e1ndose como un importante operador dentro del mercado europeo de la aviaci\u00f3n.<\/p>\n\n\n\n<p>Fundada en 2002 tras la reestructuraci\u00f3n del hist\u00f3rico grupo Swissair, la compa\u00f1\u00eda pas\u00f3 a formar parte del <strong>Lufthansa Group<\/strong>, uno de los conglomerados de aviaci\u00f3n m\u00e1s grandes de Europa.<\/p>\n\n\n\n<p>La flota de Swiss International Air Lines est\u00e1 compuesta por aeronaves modernas dise\u00f1adas para vuelos de corta, media y larga distancia. Entre ellas destacan el <strong>Airbus A220<\/strong>, desarrollado originalmente en Canad\u00e1 para rutas regionales, y el <strong>Airbus A330<\/strong>, utilizado en vuelos intercontinentales.<\/p>\n\n\n\n<p>El principal centro de operaciones de la aerol\u00ednea es el <strong>Zurich Airport<\/strong>, uno de los aeropuertos m\u00e1s eficientes de Europa y un importante hub de conexiones internacionales.<\/p>\n\n\n\n<p>Adem\u00e1s de su enfoque en seguridad operativa, SWISS tambi\u00e9n es conocida por su servicio premium a bordo, su puntualidad y su estilo de hospitalidad inspirado en la precisi\u00f3n y calidad suiza.<\/p>\n\n\n\n<p>Gracias a su moderna flota, su red global de destinos y su pertenencia a uno de los mayores grupos de aviaci\u00f3n del mundo, Swiss International Air Lines contin\u00faa siendo una de las aerol\u00edneas m\u00e1s respetadas dentro de la industria a\u00e9rea internacional.<\/p>\n\n\n\n<p><strong>Fuente: Sebastian Palacin<\/strong><\/p>\n","protected":false},"excerpt":{"rendered":"<p>(Aeronoticias): La aerol\u00ednea Swiss International Air Lines, conocida com\u00fanmente como SWISS, es la compa\u00f1\u00eda a\u00e9rea bandera de Suiza y una de las aerol\u00edneas m\u00e1s reconocidas de Europa por su eficiencia, seguridad y calidad de servicio. Con sede en Z\u00farich, la aerol\u00ednea conecta a pasajeros con destinos en Europa, Am\u00e9rica, Asia y \u00c1frica, consolid\u00e1ndose como un [&hellip;]<\/p>\n","protected":false},"author":7,"featured_media":98436,"comment_status":"closed","ping_status":"closed","sticky":false,"template":"","format":"standard","meta":{"tdm_status":"","tdm_grid_status":"","footnotes":""},"categories":[11,9],"tags":[],"class_list":{"0":"post-98435","1":"post","2":"type-post","3":"status-publish","4":"format-standard","5":"has-post-thumbnail","7":"category-transporte-aereo","8":"category-turismo"},"yoast_head":"<!-- This site is optimized with the Yoast SEO plugin v25.1 - https:\/\/yoast.com\/wordpress\/plugins\/seo\/ -->\n<title>\u2708\ufe0f Swiss International Air Lines: precisi\u00f3n suiza en la aviaci\u00f3n europea<\/title>\n<meta name=\"description\" content=\"(Aeronoticias): La aerol\u00ednea Swiss International Air Lines, conocida com\u00fanmente como SWISS, es la compa\u00f1\u00eda a\u00e9rea bandera de Suiza y una de las aerol\u00edneas m\u00e1s reconocidas de Europa por su eficiencia, seguridad y calidad de servicio.\" \/>\n<meta name=\"robots\" content=\"index, follow, max-snippet:-1, max-image-preview:large, max-video-preview:-1\" \/>\n<link rel=\"canonical\" href=\"https:\/\/aeronoticias.com.pe\/noticiero\/transporte-aereo\/\u2708\ufe0f-swiss-international-air-lines-precision-suiza-en-la-aviacion-europea\/\" \/>\n<meta property=\"og:locale\" content=\"es_ES\" \/>\n<meta property=\"og:type\" content=\"article\" \/>\n<meta property=\"og:title\" content=\"\u2708\ufe0f Swiss International Air Lines: precisi\u00f3n suiza en la aviaci\u00f3n europea\" \/>\n<meta property=\"og:description\" content=\"(Aeronoticias): La aerol\u00ednea Swiss International Air Lines, conocida com\u00fanmente como SWISS, es la compa\u00f1\u00eda a\u00e9rea bandera de Suiza y una de las aerol\u00edneas m\u00e1s reconocidas de Europa por su eficiencia, seguridad y calidad de servicio.\" \/>\n<meta property=\"og:url\" content=\"https:\/\/aeronoticias.com.pe\/noticiero\/transporte-aereo\/\u2708\ufe0f-swiss-international-air-lines-precision-suiza-en-la-aviacion-europea\/\" \/>\n<meta property=\"og:site_name\" content=\"Aeronoticias.com.pe\" \/>\n<meta property=\"article:publisher\" content=\"https:\/\/www.facebook.com\/Aeronoticias.com.pe\/\" \/>\n<meta property=\"article:published_time\" content=\"2026-03-12T17:17:03+00:00\" \/>\n<meta property=\"article:modified_time\" content=\"2026-03-12T17:17:04+00:00\" \/>\n<meta property=\"og:image\" content=\"https:\/\/aeronoticias.com.pe\/noticiero\/wp-content\/uploads\/2026\/03\/images-14.jpg\" \/>\n\t<meta property=\"og:image:width\" content=\"275\" \/>\n\t<meta property=\"og:image:height\" content=\"183\" \/>\n\t<meta property=\"og:image:type\" content=\"image\/jpeg\" \/>\n<meta name=\"author\" content=\"sebastian\" \/>\n<meta name=\"twitter:card\" content=\"summary_large_image\" \/>\n<meta name=\"twitter:creator\" content=\"@aeronoticias\" \/>\n<meta name=\"twitter:site\" content=\"@aeronoticias\" \/>\n<meta name=\"twitter:label1\" content=\"Escrito por\" \/>\n\t<meta name=\"twitter:data1\" content=\"sebastian\" \/>\n\t<meta name=\"twitter:label2\" content=\"Tiempo de lectura\" \/>\n\t<meta name=\"twitter:data2\" content=\"2 minutos\" \/>\n<script type=\"application\/ld+json\" class=\"yoast-schema-graph\">{\"@context\":\"https:\/\/schema.org\",\"@graph\":[{\"@type\":\"WebPage\",\"@id\":\"https:\/\/aeronoticias.com.pe\/noticiero\/transporte-aereo\/%e2%9c%88%ef%b8%8f-swiss-international-air-lines-precision-suiza-en-la-aviacion-europea\/\",\"url\":\"https:\/\/aeronoticias.com.pe\/noticiero\/transporte-aereo\/%e2%9c%88%ef%b8%8f-swiss-international-air-lines-precision-suiza-en-la-aviacion-europea\/\",\"name\":\"\u2708\ufe0f Swiss International Air Lines: precisi\u00f3n suiza en la aviaci\u00f3n europea\",\"isPartOf\":{\"@id\":\"https:\/\/aeronoticias.com.pe\/noticiero\/#website\"},\"primaryImageOfPage\":{\"@id\":\"https:\/\/aeronoticias.com.pe\/noticiero\/transporte-aereo\/%e2%9c%88%ef%b8%8f-swiss-international-air-lines-precision-suiza-en-la-aviacion-europea\/#primaryimage\"},\"image\":{\"@id\":\"https:\/\/aeronoticias.com.pe\/noticiero\/transporte-aereo\/%e2%9c%88%ef%b8%8f-swiss-international-air-lines-precision-suiza-en-la-aviacion-europea\/#primaryimage\"},\"thumbnailUrl\":\"https:\/\/aeronoticias.com.pe\/noticiero\/wp-content\/uploads\/2026\/03\/images-14.jpg\",\"datePublished\":\"2026-03-12T17:17:03+00:00\",\"dateModified\":\"2026-03-12T17:17:04+00:00\",\"author\":{\"@id\":\"https:\/\/aeronoticias.com.pe\/noticiero\/#\/schema\/person\/45ec58b0c4aefb9b6ee48f40659be5a3\"},\"description\":\"(Aeronoticias): La aerol\u00ednea Swiss International Air Lines, conocida com\u00fanmente como SWISS, es la compa\u00f1\u00eda a\u00e9rea bandera de Suiza y una de las aerol\u00edneas m\u00e1s reconocidas de Europa por su eficiencia, seguridad y calidad de servicio.\",\"breadcrumb\":{\"@id\":\"https:\/\/aeronoticias.com.pe\/noticiero\/transporte-aereo\/%e2%9c%88%ef%b8%8f-swiss-international-air-lines-precision-suiza-en-la-aviacion-europea\/#breadcrumb\"},\"inLanguage\":\"es\",\"potentialAction\":[{\"@type\":\"ReadAction\",\"target\":[\"https:\/\/aeronoticias.com.pe\/noticiero\/transporte-aereo\/%e2%9c%88%ef%b8%8f-swiss-international-air-lines-precision-suiza-en-la-aviacion-europea\/\"]}]},{\"@type\":\"ImageObject\",\"inLanguage\":\"es\",\"@id\":\"https:\/\/aeronoticias.com.pe\/noticiero\/transporte-aereo\/%e2%9c%88%ef%b8%8f-swiss-international-air-lines-precision-suiza-en-la-aviacion-europea\/#primaryimage\",\"url\":\"https:\/\/aeronoticias.com.pe\/noticiero\/wp-content\/uploads\/2026\/03\/images-14.jpg\",\"contentUrl\":\"https:\/\/aeronoticias.com.pe\/noticiero\/wp-content\/uploads\/2026\/03\/images-14.jpg\",\"width\":275,\"height\":183},{\"@type\":\"BreadcrumbList\",\"@id\":\"https:\/\/aeronoticias.com.pe\/noticiero\/transporte-aereo\/%e2%9c%88%ef%b8%8f-swiss-international-air-lines-precision-suiza-en-la-aviacion-europea\/#breadcrumb\",\"itemListElement\":[{\"@type\":\"ListItem\",\"position\":1,\"name\":\"Portada\",\"item\":\"https:\/\/aeronoticias.com.pe\/noticiero\/\"},{\"@type\":\"ListItem\",\"position\":2,\"name\":\"\u2708\ufe0f Swiss International Air Lines: precisi\u00f3n suiza en la aviaci\u00f3n europea\"}]},{\"@type\":\"WebSite\",\"@id\":\"https:\/\/aeronoticias.com.pe\/noticiero\/#website\",\"url\":\"https:\/\/aeronoticias.com.pe\/noticiero\/\",\"name\":\"Aeronoticias.com.pe\",\"description\":\"Noticias de tranporte aereo, turismo, hoteles, gastronomia, actualidad, internacional\",\"potentialAction\":[{\"@type\":\"SearchAction\",\"target\":{\"@type\":\"EntryPoint\",\"urlTemplate\":\"https:\/\/aeronoticias.com.pe\/noticiero\/?s={search_term_string}\"},\"query-input\":{\"@type\":\"PropertyValueSpecification\",\"valueRequired\":true,\"valueName\":\"search_term_string\"}}],\"inLanguage\":\"es\"},{\"@type\":\"Person\",\"@id\":\"https:\/\/aeronoticias.com.pe\/noticiero\/#\/schema\/person\/45ec58b0c4aefb9b6ee48f40659be5a3\",\"name\":\"sebastian\",\"url\":\"https:\/\/aeronoticias.com.pe\/noticiero\/author\/sebastian\/\"}]}<\/script>\n<!-- \/ Yoast SEO plugin. -->","yoast_head_json":{"title":"\u2708\ufe0f Swiss International Air Lines: precisi\u00f3n suiza en la aviaci\u00f3n europea","description":"(Aeronoticias): La aerol\u00ednea Swiss International Air Lines, conocida com\u00fanmente como SWISS, es la compa\u00f1\u00eda a\u00e9rea bandera de Suiza y una de las aerol\u00edneas m\u00e1s reconocidas de Europa por su eficiencia, seguridad y calidad de servicio.","robots":{"index":"index","follow":"follow","max-snippet":"max-snippet:-1","max-image-preview":"max-image-preview:large","max-video-preview":"max-video-preview:-1"},"canonical":"https:\/\/aeronoticias.com.pe\/noticiero\/transporte-aereo\/\u2708\ufe0f-swiss-international-air-lines-precision-suiza-en-la-aviacion-europea\/","og_locale":"es_ES","og_type":"article","og_title":"\u2708\ufe0f Swiss International Air Lines: precisi\u00f3n suiza en la aviaci\u00f3n europea","og_description":"(Aeronoticias): La aerol\u00ednea Swiss International Air Lines, conocida com\u00fanmente como SWISS, es la compa\u00f1\u00eda a\u00e9rea bandera de Suiza y una de las aerol\u00edneas m\u00e1s reconocidas de Europa por su eficiencia, seguridad y calidad de servicio.","og_url":"https:\/\/aeronoticias.com.pe\/noticiero\/transporte-aereo\/\u2708\ufe0f-swiss-international-air-lines-precision-suiza-en-la-aviacion-europea\/","og_site_name":"Aeronoticias.com.pe","article_publisher":"https:\/\/www.facebook.com\/Aeronoticias.com.pe\/","article_published_time":"2026-03-12T17:17:03+00:00","article_modified_time":"2026-03-12T17:17:04+00:00","og_image":[{"width":275,"height":183,"url":"https:\/\/aeronoticias.com.pe\/noticiero\/wp-content\/uploads\/2026\/03\/images-14.jpg","type":"image\/jpeg"}],"author":"sebastian","twitter_card":"summary_large_image","twitter_creator":"@aeronoticias","twitter_site":"@aeronoticias","twitter_misc":{"Escrito por":"sebastian","Tiempo de lectura":"2 minutos"},"schema":{"@context":"https:\/\/schema.org","@graph":[{"@type":"WebPage","@id":"https:\/\/aeronoticias.com.pe\/noticiero\/transporte-aereo\/%e2%9c%88%ef%b8%8f-swiss-international-air-lines-precision-suiza-en-la-aviacion-europea\/","url":"https:\/\/aeronoticias.com.pe\/noticiero\/transporte-aereo\/%e2%9c%88%ef%b8%8f-swiss-international-air-lines-precision-suiza-en-la-aviacion-europea\/","name":"\u2708\ufe0f Swiss International Air Lines: precisi\u00f3n suiza en la aviaci\u00f3n europea","isPartOf":{"@id":"https:\/\/aeronoticias.com.pe\/noticiero\/#website"},"primaryImageOfPage":{"@id":"https:\/\/aeronoticias.com.pe\/noticiero\/transporte-aereo\/%e2%9c%88%ef%b8%8f-swiss-international-air-lines-precision-suiza-en-la-aviacion-europea\/#primaryimage"},"image":{"@id":"https:\/\/aeronoticias.com.pe\/noticiero\/transporte-aereo\/%e2%9c%88%ef%b8%8f-swiss-international-air-lines-precision-suiza-en-la-aviacion-europea\/#primaryimage"},"thumbnailUrl":"https:\/\/aeronoticias.com.pe\/noticiero\/wp-content\/uploads\/2026\/03\/images-14.jpg","datePublished":"2026-03-12T17:17:03+00:00","dateModified":"2026-03-12T17:17:04+00:00","author":{"@id":"https:\/\/aeronoticias.com.pe\/noticiero\/#\/schema\/person\/45ec58b0c4aefb9b6ee48f40659be5a3"},"description":"(Aeronoticias): La aerol\u00ednea Swiss International Air Lines, conocida com\u00fanmente como SWISS, es la compa\u00f1\u00eda a\u00e9rea bandera de Suiza y una de las aerol\u00edneas m\u00e1s reconocidas de Europa por su eficiencia, seguridad y calidad de servicio.","breadcrumb":{"@id":"https:\/\/aeronoticias.com.pe\/noticiero\/transporte-aereo\/%e2%9c%88%ef%b8%8f-swiss-international-air-lines-precision-suiza-en-la-aviacion-europea\/#breadcrumb"},"inLanguage":"es","potentialAction":[{"@type":"ReadAction","target":["https:\/\/aeronoticias.com.pe\/noticiero\/transporte-aereo\/%e2%9c%88%ef%b8%8f-swiss-international-air-lines-precision-suiza-en-la-aviacion-europea\/"]}]},{"@type":"ImageObject","inLanguage":"es","@id":"https:\/\/aeronoticias.com.pe\/noticiero\/transporte-aereo\/%e2%9c%88%ef%b8%8f-swiss-international-air-lines-precision-suiza-en-la-aviacion-europea\/#primaryimage","url":"https:\/\/aeronoticias.com.pe\/noticiero\/wp-content\/uploads\/2026\/03\/images-14.jpg","contentUrl":"https:\/\/aeronoticias.com.pe\/noticiero\/wp-content\/uploads\/2026\/03\/images-14.jpg","width":275,"height":183},{"@type":"BreadcrumbList","@id":"https:\/\/aeronoticias.com.pe\/noticiero\/transporte-aereo\/%e2%9c%88%ef%b8%8f-swiss-international-air-lines-precision-suiza-en-la-aviacion-europea\/#breadcrumb","itemListElement":[{"@type":"ListItem","position":1,"name":"Portada","item":"https:\/\/aeronoticias.com.pe\/noticiero\/"},{"@type":"ListItem","position":2,"name":"\u2708\ufe0f Swiss International Air Lines: precisi\u00f3n suiza en la aviaci\u00f3n europea"}]},{"@type":"WebSite","@id":"https:\/\/aeronoticias.com.pe\/noticiero\/#website","url":"https:\/\/aeronoticias.com.pe\/noticiero\/","name":"Aeronoticias.com.pe","description":"Noticias de tranporte aereo, turismo, hoteles, gastronomia, actualidad, internacional","potentialAction":[{"@type":"SearchAction","target":{"@type":"EntryPoint","urlTemplate":"https:\/\/aeronoticias.com.pe\/noticiero\/?s={search_term_string}"},"query-input":{"@type":"PropertyValueSpecification","valueRequired":true,"valueName":"search_term_string"}}],"inLanguage":"es"},{"@type":"Person","@id":"https:\/\/aeronoticias.com.pe\/noticiero\/#\/schema\/person\/45ec58b0c4aefb9b6ee48f40659be5a3","name":"sebastian","url":"https:\/\/aeronoticias.com.pe\/noticiero\/author\/sebastian\/"}]}},"_links":{"self":[{"href":"https:\/\/aeronoticias.com.pe\/noticiero\/wp-json\/wp\/v2\/posts\/98435","targetHints":{"allow":["GET"]}}],"collection":[{"href":"https:\/\/aeronoticias.com.pe\/noticiero\/wp-json\/wp\/v2\/posts"}],"about":[{"href":"https:\/\/aeronoticias.com.pe\/noticiero\/wp-json\/wp\/v2\/types\/post"}],"author":[{"embeddable":true,"href":"https:\/\/aeronoticias.com.pe\/noticiero\/wp-json\/wp\/v2\/users\/7"}],"replies":[{"embeddable":true,"href":"https:\/\/aeronoticias.com.pe\/noticiero\/wp-json\/wp\/v2\/comments?post=98435"}],"version-history":[{"count":1,"href":"https:\/\/aeronoticias.com.pe\/noticiero\/wp-json\/wp\/v2\/posts\/98435\/revisions"}],"predecessor-version":[{"id":98437,"href":"https:\/\/aeronoticias.com.pe\/noticiero\/wp-json\/wp\/v2\/posts\/98435\/revisions\/98437"}],"wp:featuredmedia":[{"embeddable":true,"href":"https:\/\/aeronoticias.com.pe\/noticiero\/wp-json\/wp\/v2\/media\/98436"}],"wp:attachment":[{"href":"https:\/\/aeronoticias.com.pe\/noticiero\/wp-json\/wp\/v2\/media?parent=98435"}],"wp:term":[{"taxonomy":"category","embeddable":true,"href":"https:\/\/aeronoticias.com.pe\/noticiero\/wp-json\/wp\/v2\/categories?post=98435"},{"taxonomy":"post_tag","embeddable":true,"href":"https:\/\/aeronoticias.com.pe\/noticiero\/wp-json\/wp\/v2\/tags?post=98435"}],"curies":[{"name":"wp","href":"https:\/\/api.w.org\/{rel}","templated":true}]}}