{"id":98438,"date":"2026-03-12T12:19:28","date_gmt":"2026-03-12T17:19:28","guid":{"rendered":"https:\/\/aeronoticias.com.pe\/noticiero\/?p=98438"},"modified":"2026-03-12T12:19:30","modified_gmt":"2026-03-12T17:19:30","slug":"%e2%9c%88%ef%b8%8f-iberia-la-historica-aerolinea-de-espana-y-puente-entre-europa-y-america-latina","status":"publish","type":"post","link":"https:\/\/aeronoticias.com.pe\/noticiero\/transporte-aereo\/%e2%9c%88%ef%b8%8f-iberia-la-historica-aerolinea-de-espana-y-puente-entre-europa-y-america-latina\/","title":{"rendered":"\u2708\ufe0f Iberia: la hist\u00f3rica aerol\u00ednea de Espa\u00f1a y puente entre Europa y Am\u00e9rica Latina"},"content":{"rendered":"\n<h1 class=\"wp-block-heading\"><\/h1>\n\n\n\n<p><strong>(Aeronoticias):<\/strong><\/p>\n\n\n\n<p>La aerol\u00ednea <strong>Iberia<\/strong> es la compa\u00f1\u00eda a\u00e9rea bandera de <strong>Espa\u00f1a<\/strong> y una de las aerol\u00edneas m\u00e1s importantes de Europa, destac\u00e1ndose por su fuerte conexi\u00f3n a\u00e9rea entre el continente europeo y Am\u00e9rica Latina.<\/p>\n\n\n\n<p>Con sede en <strong>Madrid<\/strong>, Iberia opera vuelos hacia numerosos destinos en Europa, Am\u00e9rica, \u00c1frica y Medio Oriente, transportando a millones de pasajeros cada a\u00f1o.<\/p>\n\n\n\n<p>Fundada en 1927, la aerol\u00ednea cuenta con una larga trayectoria dentro de la aviaci\u00f3n comercial internacional y actualmente forma parte del grupo <strong>International Airlines Group<\/strong>, uno de los conglomerados de aviaci\u00f3n m\u00e1s grandes del mundo.<\/p>\n\n\n\n<p>La flota de Iberia est\u00e1 compuesta por aeronaves modernas utilizadas para vuelos de corta, media y larga distancia. Entre sus principales aviones destacan el <strong>Airbus A350<\/strong>, utilizado en rutas intercontinentales, y el <strong>Airbus A320<\/strong>, ampliamente empleado en vuelos dentro de Europa.<\/p>\n\n\n\n<p>El principal centro de operaciones de la aerol\u00ednea es el <strong>Adolfo Su\u00e1rez Madrid\u2013Barajas Airport<\/strong>, uno de los aeropuertos m\u00e1s importantes del sur de Europa y un punto estrat\u00e9gico para conexiones entre Europa y Am\u00e9rica Latina.<\/p>\n\n\n\n<p>Adem\u00e1s de su enfoque en seguridad operativa, Iberia tambi\u00e9n ha invertido en modernizaci\u00f3n de flota, sostenibilidad y mejora de la experiencia del pasajero.<\/p>\n\n\n\n<p>Gracias a su historia, su red de rutas y su papel estrat\u00e9gico en la conectividad entre continentes, Iberia contin\u00faa siendo una de las aerol\u00edneas m\u00e1s influyentes dentro de la industria de la aviaci\u00f3n internacional.<\/p>\n\n\n\n<p><strong>Fuente: Sebastian Palacin<\/strong><\/p>\n","protected":false},"excerpt":{"rendered":"<p>(Aeronoticias): La aerol\u00ednea Iberia es la compa\u00f1\u00eda a\u00e9rea bandera de Espa\u00f1a y una de las aerol\u00edneas m\u00e1s importantes de Europa, destac\u00e1ndose por su fuerte conexi\u00f3n a\u00e9rea entre el continente europeo y Am\u00e9rica Latina. Con sede en Madrid, Iberia opera vuelos hacia numerosos destinos en Europa, Am\u00e9rica, \u00c1frica y Medio Oriente, transportando a millones de pasajeros [&hellip;]<\/p>\n","protected":false},"author":7,"featured_media":98439,"comment_status":"closed","ping_status":"closed","sticky":false,"template":"","format":"standard","meta":{"tdm_status":"","tdm_grid_status":"","footnotes":""},"categories":[11,9],"tags":[],"class_list":{"0":"post-98438","1":"post","2":"type-post","3":"status-publish","4":"format-standard","5":"has-post-thumbnail","7":"category-transporte-aereo","8":"category-turismo"},"yoast_head":"<!-- This site is optimized with the Yoast SEO plugin v25.1 - https:\/\/yoast.com\/wordpress\/plugins\/seo\/ -->\n<title>\u2708\ufe0f Iberia: la hist\u00f3rica aerol\u00ednea de Espa\u00f1a y puente entre Europa y Am\u00e9rica Latina<\/title>\n<meta name=\"description\" content=\"(Aeronoticias): La aerol\u00ednea Iberia es la compa\u00f1\u00eda a\u00e9rea bandera de Espa\u00f1a y una de las aerol\u00edneas m\u00e1s importantes de Europa, destac\u00e1ndose por su fuerte conexi\u00f3n a\u00e9rea entre el continente europeo y Am\u00e9rica Latina.\" \/>\n<meta name=\"robots\" content=\"index, follow, max-snippet:-1, max-image-preview:large, max-video-preview:-1\" \/>\n<link rel=\"canonical\" href=\"https:\/\/aeronoticias.com.pe\/noticiero\/transporte-aereo\/\u2708\ufe0f-iberia-la-historica-aerolinea-de-espana-y-puente-entre-europa-y-america-latina\/\" \/>\n<meta property=\"og:locale\" content=\"es_ES\" \/>\n<meta property=\"og:type\" content=\"article\" \/>\n<meta property=\"og:title\" content=\"\u2708\ufe0f Iberia: la hist\u00f3rica aerol\u00ednea de Espa\u00f1a y puente entre Europa y Am\u00e9rica Latina\" \/>\n<meta property=\"og:description\" content=\"(Aeronoticias): La aerol\u00ednea Iberia es la compa\u00f1\u00eda a\u00e9rea bandera de Espa\u00f1a y una de las aerol\u00edneas m\u00e1s importantes de Europa, destac\u00e1ndose por su fuerte conexi\u00f3n a\u00e9rea entre el continente europeo y Am\u00e9rica Latina.\" \/>\n<meta property=\"og:url\" content=\"https:\/\/aeronoticias.com.pe\/noticiero\/transporte-aereo\/\u2708\ufe0f-iberia-la-historica-aerolinea-de-espana-y-puente-entre-europa-y-america-latina\/\" \/>\n<meta property=\"og:site_name\" content=\"Aeronoticias.com.pe\" \/>\n<meta property=\"article:publisher\" content=\"https:\/\/www.facebook.com\/Aeronoticias.com.pe\/\" \/>\n<meta property=\"article:published_time\" content=\"2026-03-12T17:19:28+00:00\" \/>\n<meta property=\"article:modified_time\" content=\"2026-03-12T17:19:30+00:00\" \/>\n<meta property=\"og:image\" content=\"https:\/\/aeronoticias.com.pe\/noticiero\/wp-content\/uploads\/2026\/03\/images-15.jpg\" \/>\n\t<meta property=\"og:image:width\" content=\"275\" \/>\n\t<meta property=\"og:image:height\" content=\"183\" \/>\n\t<meta property=\"og:image:type\" content=\"image\/jpeg\" \/>\n<meta name=\"author\" content=\"sebastian\" \/>\n<meta name=\"twitter:card\" content=\"summary_large_image\" \/>\n<meta name=\"twitter:creator\" content=\"@aeronoticias\" \/>\n<meta name=\"twitter:site\" content=\"@aeronoticias\" \/>\n<meta name=\"twitter:label1\" content=\"Escrito por\" \/>\n\t<meta name=\"twitter:data1\" content=\"sebastian\" \/>\n\t<meta name=\"twitter:label2\" content=\"Tiempo de lectura\" \/>\n\t<meta name=\"twitter:data2\" content=\"2 minutos\" \/>\n<script type=\"application\/ld+json\" class=\"yoast-schema-graph\">{\"@context\":\"https:\/\/schema.org\",\"@graph\":[{\"@type\":\"WebPage\",\"@id\":\"https:\/\/aeronoticias.com.pe\/noticiero\/transporte-aereo\/%e2%9c%88%ef%b8%8f-iberia-la-historica-aerolinea-de-espana-y-puente-entre-europa-y-america-latina\/\",\"url\":\"https:\/\/aeronoticias.com.pe\/noticiero\/transporte-aereo\/%e2%9c%88%ef%b8%8f-iberia-la-historica-aerolinea-de-espana-y-puente-entre-europa-y-america-latina\/\",\"name\":\"\u2708\ufe0f Iberia: la hist\u00f3rica aerol\u00ednea de Espa\u00f1a y puente entre Europa y Am\u00e9rica Latina\",\"isPartOf\":{\"@id\":\"https:\/\/aeronoticias.com.pe\/noticiero\/#website\"},\"primaryImageOfPage\":{\"@id\":\"https:\/\/aeronoticias.com.pe\/noticiero\/transporte-aereo\/%e2%9c%88%ef%b8%8f-iberia-la-historica-aerolinea-de-espana-y-puente-entre-europa-y-america-latina\/#primaryimage\"},\"image\":{\"@id\":\"https:\/\/aeronoticias.com.pe\/noticiero\/transporte-aereo\/%e2%9c%88%ef%b8%8f-iberia-la-historica-aerolinea-de-espana-y-puente-entre-europa-y-america-latina\/#primaryimage\"},\"thumbnailUrl\":\"https:\/\/aeronoticias.com.pe\/noticiero\/wp-content\/uploads\/2026\/03\/images-15.jpg\",\"datePublished\":\"2026-03-12T17:19:28+00:00\",\"dateModified\":\"2026-03-12T17:19:30+00:00\",\"author\":{\"@id\":\"https:\/\/aeronoticias.com.pe\/noticiero\/#\/schema\/person\/45ec58b0c4aefb9b6ee48f40659be5a3\"},\"description\":\"(Aeronoticias): La aerol\u00ednea Iberia es la compa\u00f1\u00eda a\u00e9rea bandera de Espa\u00f1a y una de las aerol\u00edneas m\u00e1s importantes de Europa, destac\u00e1ndose por su fuerte conexi\u00f3n a\u00e9rea entre el continente europeo y Am\u00e9rica Latina.\",\"breadcrumb\":{\"@id\":\"https:\/\/aeronoticias.com.pe\/noticiero\/transporte-aereo\/%e2%9c%88%ef%b8%8f-iberia-la-historica-aerolinea-de-espana-y-puente-entre-europa-y-america-latina\/#breadcrumb\"},\"inLanguage\":\"es\",\"potentialAction\":[{\"@type\":\"ReadAction\",\"target\":[\"https:\/\/aeronoticias.com.pe\/noticiero\/transporte-aereo\/%e2%9c%88%ef%b8%8f-iberia-la-historica-aerolinea-de-espana-y-puente-entre-europa-y-america-latina\/\"]}]},{\"@type\":\"ImageObject\",\"inLanguage\":\"es\",\"@id\":\"https:\/\/aeronoticias.com.pe\/noticiero\/transporte-aereo\/%e2%9c%88%ef%b8%8f-iberia-la-historica-aerolinea-de-espana-y-puente-entre-europa-y-america-latina\/#primaryimage\",\"url\":\"https:\/\/aeronoticias.com.pe\/noticiero\/wp-content\/uploads\/2026\/03\/images-15.jpg\",\"contentUrl\":\"https:\/\/aeronoticias.com.pe\/noticiero\/wp-content\/uploads\/2026\/03\/images-15.jpg\",\"width\":275,\"height\":183},{\"@type\":\"BreadcrumbList\",\"@id\":\"https:\/\/aeronoticias.com.pe\/noticiero\/transporte-aereo\/%e2%9c%88%ef%b8%8f-iberia-la-historica-aerolinea-de-espana-y-puente-entre-europa-y-america-latina\/#breadcrumb\",\"itemListElement\":[{\"@type\":\"ListItem\",\"position\":1,\"name\":\"Portada\",\"item\":\"https:\/\/aeronoticias.com.pe\/noticiero\/\"},{\"@type\":\"ListItem\",\"position\":2,\"name\":\"\u2708\ufe0f Iberia: la hist\u00f3rica aerol\u00ednea de Espa\u00f1a y puente entre Europa y Am\u00e9rica Latina\"}]},{\"@type\":\"WebSite\",\"@id\":\"https:\/\/aeronoticias.com.pe\/noticiero\/#website\",\"url\":\"https:\/\/aeronoticias.com.pe\/noticiero\/\",\"name\":\"Aeronoticias.com.pe\",\"description\":\"Noticias de tranporte aereo, turismo, hoteles, gastronomia, actualidad, internacional\",\"potentialAction\":[{\"@type\":\"SearchAction\",\"target\":{\"@type\":\"EntryPoint\",\"urlTemplate\":\"https:\/\/aeronoticias.com.pe\/noticiero\/?s={search_term_string}\"},\"query-input\":{\"@type\":\"PropertyValueSpecification\",\"valueRequired\":true,\"valueName\":\"search_term_string\"}}],\"inLanguage\":\"es\"},{\"@type\":\"Person\",\"@id\":\"https:\/\/aeronoticias.com.pe\/noticiero\/#\/schema\/person\/45ec58b0c4aefb9b6ee48f40659be5a3\",\"name\":\"sebastian\",\"url\":\"https:\/\/aeronoticias.com.pe\/noticiero\/author\/sebastian\/\"}]}<\/script>\n<!-- \/ Yoast SEO plugin. -->","yoast_head_json":{"title":"\u2708\ufe0f Iberia: la hist\u00f3rica aerol\u00ednea de Espa\u00f1a y puente entre Europa y Am\u00e9rica Latina","description":"(Aeronoticias): La aerol\u00ednea Iberia es la compa\u00f1\u00eda a\u00e9rea bandera de Espa\u00f1a y una de las aerol\u00edneas m\u00e1s importantes de Europa, destac\u00e1ndose por su fuerte conexi\u00f3n a\u00e9rea entre el continente europeo y Am\u00e9rica Latina.","robots":{"index":"index","follow":"follow","max-snippet":"max-snippet:-1","max-image-preview":"max-image-preview:large","max-video-preview":"max-video-preview:-1"},"canonical":"https:\/\/aeronoticias.com.pe\/noticiero\/transporte-aereo\/\u2708\ufe0f-iberia-la-historica-aerolinea-de-espana-y-puente-entre-europa-y-america-latina\/","og_locale":"es_ES","og_type":"article","og_title":"\u2708\ufe0f Iberia: la hist\u00f3rica aerol\u00ednea de Espa\u00f1a y puente entre Europa y Am\u00e9rica Latina","og_description":"(Aeronoticias): La aerol\u00ednea Iberia es la compa\u00f1\u00eda a\u00e9rea bandera de Espa\u00f1a y una de las aerol\u00edneas m\u00e1s importantes de Europa, destac\u00e1ndose por su fuerte conexi\u00f3n a\u00e9rea entre el continente europeo y Am\u00e9rica Latina.","og_url":"https:\/\/aeronoticias.com.pe\/noticiero\/transporte-aereo\/\u2708\ufe0f-iberia-la-historica-aerolinea-de-espana-y-puente-entre-europa-y-america-latina\/","og_site_name":"Aeronoticias.com.pe","article_publisher":"https:\/\/www.facebook.com\/Aeronoticias.com.pe\/","article_published_time":"2026-03-12T17:19:28+00:00","article_modified_time":"2026-03-12T17:19:30+00:00","og_image":[{"width":275,"height":183,"url":"https:\/\/aeronoticias.com.pe\/noticiero\/wp-content\/uploads\/2026\/03\/images-15.jpg","type":"image\/jpeg"}],"author":"sebastian","twitter_card":"summary_large_image","twitter_creator":"@aeronoticias","twitter_site":"@aeronoticias","twitter_misc":{"Escrito por":"sebastian","Tiempo de lectura":"2 minutos"},"schema":{"@context":"https:\/\/schema.org","@graph":[{"@type":"WebPage","@id":"https:\/\/aeronoticias.com.pe\/noticiero\/transporte-aereo\/%e2%9c%88%ef%b8%8f-iberia-la-historica-aerolinea-de-espana-y-puente-entre-europa-y-america-latina\/","url":"https:\/\/aeronoticias.com.pe\/noticiero\/transporte-aereo\/%e2%9c%88%ef%b8%8f-iberia-la-historica-aerolinea-de-espana-y-puente-entre-europa-y-america-latina\/","name":"\u2708\ufe0f Iberia: la hist\u00f3rica aerol\u00ednea de Espa\u00f1a y puente entre Europa y Am\u00e9rica Latina","isPartOf":{"@id":"https:\/\/aeronoticias.com.pe\/noticiero\/#website"},"primaryImageOfPage":{"@id":"https:\/\/aeronoticias.com.pe\/noticiero\/transporte-aereo\/%e2%9c%88%ef%b8%8f-iberia-la-historica-aerolinea-de-espana-y-puente-entre-europa-y-america-latina\/#primaryimage"},"image":{"@id":"https:\/\/aeronoticias.com.pe\/noticiero\/transporte-aereo\/%e2%9c%88%ef%b8%8f-iberia-la-historica-aerolinea-de-espana-y-puente-entre-europa-y-america-latina\/#primaryimage"},"thumbnailUrl":"https:\/\/aeronoticias.com.pe\/noticiero\/wp-content\/uploads\/2026\/03\/images-15.jpg","datePublished":"2026-03-12T17:19:28+00:00","dateModified":"2026-03-12T17:19:30+00:00","author":{"@id":"https:\/\/aeronoticias.com.pe\/noticiero\/#\/schema\/person\/45ec58b0c4aefb9b6ee48f40659be5a3"},"description":"(Aeronoticias): La aerol\u00ednea Iberia es la compa\u00f1\u00eda a\u00e9rea bandera de Espa\u00f1a y una de las aerol\u00edneas m\u00e1s importantes de Europa, destac\u00e1ndose por su fuerte conexi\u00f3n a\u00e9rea entre el continente europeo y Am\u00e9rica Latina.","breadcrumb":{"@id":"https:\/\/aeronoticias.com.pe\/noticiero\/transporte-aereo\/%e2%9c%88%ef%b8%8f-iberia-la-historica-aerolinea-de-espana-y-puente-entre-europa-y-america-latina\/#breadcrumb"},"inLanguage":"es","potentialAction":[{"@type":"ReadAction","target":["https:\/\/aeronoticias.com.pe\/noticiero\/transporte-aereo\/%e2%9c%88%ef%b8%8f-iberia-la-historica-aerolinea-de-espana-y-puente-entre-europa-y-america-latina\/"]}]},{"@type":"ImageObject","inLanguage":"es","@id":"https:\/\/aeronoticias.com.pe\/noticiero\/transporte-aereo\/%e2%9c%88%ef%b8%8f-iberia-la-historica-aerolinea-de-espana-y-puente-entre-europa-y-america-latina\/#primaryimage","url":"https:\/\/aeronoticias.com.pe\/noticiero\/wp-content\/uploads\/2026\/03\/images-15.jpg","contentUrl":"https:\/\/aeronoticias.com.pe\/noticiero\/wp-content\/uploads\/2026\/03\/images-15.jpg","width":275,"height":183},{"@type":"BreadcrumbList","@id":"https:\/\/aeronoticias.com.pe\/noticiero\/transporte-aereo\/%e2%9c%88%ef%b8%8f-iberia-la-historica-aerolinea-de-espana-y-puente-entre-europa-y-america-latina\/#breadcrumb","itemListElement":[{"@type":"ListItem","position":1,"name":"Portada","item":"https:\/\/aeronoticias.com.pe\/noticiero\/"},{"@type":"ListItem","position":2,"name":"\u2708\ufe0f Iberia: la hist\u00f3rica aerol\u00ednea de Espa\u00f1a y puente entre Europa y Am\u00e9rica Latina"}]},{"@type":"WebSite","@id":"https:\/\/aeronoticias.com.pe\/noticiero\/#website","url":"https:\/\/aeronoticias.com.pe\/noticiero\/","name":"Aeronoticias.com.pe","description":"Noticias de tranporte aereo, turismo, hoteles, gastronomia, actualidad, internacional","potentialAction":[{"@type":"SearchAction","target":{"@type":"EntryPoint","urlTemplate":"https:\/\/aeronoticias.com.pe\/noticiero\/?s={search_term_string}"},"query-input":{"@type":"PropertyValueSpecification","valueRequired":true,"valueName":"search_term_string"}}],"inLanguage":"es"},{"@type":"Person","@id":"https:\/\/aeronoticias.com.pe\/noticiero\/#\/schema\/person\/45ec58b0c4aefb9b6ee48f40659be5a3","name":"sebastian","url":"https:\/\/aeronoticias.com.pe\/noticiero\/author\/sebastian\/"}]}},"_links":{"self":[{"href":"https:\/\/aeronoticias.com.pe\/noticiero\/wp-json\/wp\/v2\/posts\/98438","targetHints":{"allow":["GET"]}}],"collection":[{"href":"https:\/\/aeronoticias.com.pe\/noticiero\/wp-json\/wp\/v2\/posts"}],"about":[{"href":"https:\/\/aeronoticias.com.pe\/noticiero\/wp-json\/wp\/v2\/types\/post"}],"author":[{"embeddable":true,"href":"https:\/\/aeronoticias.com.pe\/noticiero\/wp-json\/wp\/v2\/users\/7"}],"replies":[{"embeddable":true,"href":"https:\/\/aeronoticias.com.pe\/noticiero\/wp-json\/wp\/v2\/comments?post=98438"}],"version-history":[{"count":1,"href":"https:\/\/aeronoticias.com.pe\/noticiero\/wp-json\/wp\/v2\/posts\/98438\/revisions"}],"predecessor-version":[{"id":98440,"href":"https:\/\/aeronoticias.com.pe\/noticiero\/wp-json\/wp\/v2\/posts\/98438\/revisions\/98440"}],"wp:featuredmedia":[{"embeddable":true,"href":"https:\/\/aeronoticias.com.pe\/noticiero\/wp-json\/wp\/v2\/media\/98439"}],"wp:attachment":[{"href":"https:\/\/aeronoticias.com.pe\/noticiero\/wp-json\/wp\/v2\/media?parent=98438"}],"wp:term":[{"taxonomy":"category","embeddable":true,"href":"https:\/\/aeronoticias.com.pe\/noticiero\/wp-json\/wp\/v2\/categories?post=98438"},{"taxonomy":"post_tag","embeddable":true,"href":"https:\/\/aeronoticias.com.pe\/noticiero\/wp-json\/wp\/v2\/tags?post=98438"}],"curies":[{"name":"wp","href":"https:\/\/api.w.org\/{rel}","templated":true}]}}